{"id":505291,"date":"2025-11-01T20:20:28","date_gmt":"2025-11-01T20:20:28","guid":{"rendered":"https:\/\/www.europesays.com\/fr\/505291\/"},"modified":"2025-11-01T20:20:28","modified_gmt":"2025-11-01T20:20:28","slug":"rouen-prend-le-large-federation-francaise-de-football-fff","status":"publish","type":"post","link":"https:\/\/www.europesays.com\/fr\/505291\/","title":{"rendered":"Rouen prend le large | F\u00e9d\u00e9ration Fran\u00e7aise de Football (FFF)"},"content":{"rendered":"<p>    samedi 1 novembre 2025 &#8211; 17:15 &#8211; R. R.<\/p>\n<p>                                                              <img data-twic-src=\"https:\/\/www.europesays.com\/fr\/wp-content\/uploads\/2025\/11\/14767b168f1db5c512bb98b5ec29ddfc.png\" data-credit=\"K\u00e9vin DOMAS \/ ICON SPORT\" title=\"K\u00e9vin DOMAS \/ ICON SPORT\" alt=\"National illustration\" class=\"block\"\/>                                        <\/p>\n<p style=\"font-weight: bold\">Vainqueurs de Villefranche-Beaujolais samedi (2-1), les Normands comptent d\u00e9sormais 7 longueurs d&rsquo;avance sur leurs quatre premiers poursuivants.<\/p>\n<p>Rouen et Villefranche-Beaujolais avaient eu le temps de pr\u00e9parer leur duel. <a href=\"https:\/\/www.fff.fr\/article\/15477-5e-tour-quatre-clubs-de-national-au-tapis.html\" target=\"_blank\" rel=\"noopener nofollow\">Victimes de plus petits qu\u2019eux en Coupe de France d\u00e8s leur entr\u00e9e en lice<\/a> et absents le week-end dernier du 6e tour (*), Rouennais et Caladois avaient en effet pu b\u00e9n\u00e9ficier de deux semaines pour recharger les batteries.<\/p>\n<p>Les r\u00e9sultats de vendredi avaient \u00e9galement permis aux deux formations d\u2019y voir plus clair. En cas de succ\u00e8s, Rouen, seule \u00e9quipe \u00e0 n\u2019avoir pas encore \u00e9t\u00e9 exempte parmi les 9 premiers (ce sera pour la prochaine journ\u00e9e), pouvait prendre ses distances avec 7 longueurs d\u2019avance sur son quatuor de poursuivants (Sochaux, Dijon, Versailles, Orl\u00e9ans, 20 points). Villefranche-Beaujolais, lui, pouvait se resituer dans le milieu du tableau et s\u2019\u00e9loigner de la zone de rel\u00e9gation.<\/p>\n<p>Entre le leader normand, qui restait, en Championnat, sur une d\u00e9j\u00e0 impressionnante s\u00e9rie de 5 victoires et nul dans le derby face \u00e0 Caen (1-1) et Villefranche-Beaujolais, qui n\u2019avait pas encore glan\u00e9 de succ\u00e8s \u00e0 l\u2019ext\u00e9rieur cette saison, l\u2019ultime rencontre de la 12e journ\u00e9e semblait d\u00e9s\u00e9quilibr\u00e9e. Surtout dans un stade Robert-Diochon encore bien garni et acquis \u00e0 la cause des Diables rouges. Il a pourtant fallu attendre les dix derni\u00e8res minutes pour que le score prenne sa tournure finale.<\/p>\n<p><a href=\"https:\/\/epreuves.fff.fr\/competition\/engagement\/439454-national\/phase\/1\/1\/resultats-et-calendrier\" target=\"_blank\" rel=\"noopener nofollow\">Les r\u00e9sultats de la 12e journ\u00e9e<\/a><a href=\"https:\/\/epreuves.fff.fr\/competition\/engagement\/439454-national\/phase\/1\/1\/classement\" target=\"_blank\" rel=\"noopener nofollow\">Le classement<\/a><\/p>\n<p>Priv\u00e9 de Benzia, Bezzekhami (suspendus) mais aussi Titebah et Faye (bless\u00e9s), Rouen se faisait surprendre au c\u0153ur de la premi\u00e8re p\u00e9riode. A l\u2019aff\u00fbt d\u2019un centre venu de la droite, Leye jetait un froid d\u2019une reprise de l\u2019ext\u00e9rieur du pied droit \u00e0 bout portant (0-1, 19e).<\/p>\n<p>A force de pousser, Charles Abi, alert\u00e9 dans la surface, signait son premier but de la saison d\u2019une belle frappe du gauche, permettant \u00e0 Rouen d\u2019\u00e9galiser (1-1, 42e). Juste avant le repos, Bassin, dans les six m\u00e8tres, manquait le cadre.<\/p>\n<p>En seconde p\u00e9riode, P\u00e9an se mettait \u00e0 plusieurs reprises en \u00e9vidence face \u00e0 Ba-Sy (57e), Bassin (58e), Genton (74e) ou Da Rocha (79e). Le gardien de Villefranche-Beaujolais, qui avait retard\u00e9 l\u2019\u00e9ch\u00e9ance, allait finir par s\u2019incliner. Parti de la gauche, Amadou Ba-Sy pla\u00e7ait une frappe puissante du droit qui faisait mouche (2-1, 84e).<\/p>\n<p>A son tour, Axel Temperton, le gardien normand, se montrait d\u00e9cisif. A l\u2019image de sa double parade remarquable (89e). Rouen ne l\u00e2chait pas son 8e succ\u00e8s de la saison.<\/p>\n<p>* Rouen a \u00e9t\u00e9 battu par Alen\u00e7on (N3, 0-1), Villefranche-Beaujolais par Villefontaine (R2, 0-0, 5-6 aux tirs au but).<\/p>\n<blockquote class=\"twitter-tweet\">\n<p dir=\"ltr\" lang=\"fr\">Amadou Ba-Sy l&rsquo;impact player du <a href=\"https:\/\/twitter.com\/fcr1899?ref_src=twsrc%5Etfw\" rel=\"nofollow noopener\" target=\"_blank\">@fcr1899<\/a> ! <br \/>Diochon explose <\/p>\n<p>Suivez le match en direct sur notre cha\u00eene YouTube \u00ab\u00a0Championnat National Officiel\u00a0\u00bb !<a href=\"https:\/\/twitter.com\/hashtag\/NationalFFF?src=hash&amp;ref_src=twsrc%5Etfw\" rel=\"nofollow noopener\" target=\"_blank\">#NationalFFF<\/a> <a href=\"https:\/\/t.co\/qo4BvDJ3iv\" rel=\"nofollow\">pic.twitter.com\/qo4BvDJ3iv<\/a><\/p>\n<p>\u2014 Championnat National (@NationalFFF) <a href=\"https:\/\/twitter.com\/NationalFFF\/status\/1984648706298093670?ref_src=twsrc%5Etfw\" rel=\"nofollow noopener\" target=\"_blank\">November 1, 2025<\/a><\/p><\/blockquote>\n<p>\u00a0LES CHIFFRES DE LA JOURN\u00c9E\u00a0<\/p>\n<p>18<\/p>\n<p>Buts marqu\u00e9s en sept matches (moyenne 2,25)<\/p>\n<p>6<\/p>\n<p>Victoires, dont 2 \u00e0 l&rsquo;ext\u00e9rieur (Fleury 91 et Aubagne Air-Bel)<\/p>\n<p>2<\/p>\n<p>R\u00e9sultats nuls (Saint-Brieuc &#8211; Caen, Le Puy &#8211; Concarneau)<\/p>\n<p>20<\/p>\n<p>Buts inscrits par le FC Rouen, meilleure attaque<\/p>\n<p>7<\/p>\n<p>Buts pris par Dijon FCO, meilleure d\u00e9fense<\/p>\n<p>\u00a0LES STATISTIQUES APR\u00c8S 12 JOURN\u00c9ES\u00a0<\/p>\n<p>26<\/p>\n<p>Victoires \u00e0 l&rsquo;ext\u00e9rieur<\/p>\n<p>128<\/p>\n<p>Buts marqu\u00e9s \u00e0 domicile<\/p>\n<p>97<\/p>\n<p>Buts marqu\u00e9s \u00e0 l&rsquo;ext\u00e9rieur<\/p>\n<p>La prochaine journ\u00e9e (J13)<\/p>\n<p>Vendredi 7 novembre 2025 (19h30, en direct sur YouTube National) :<\/p>\n<p>&#8211; SM Caen &#8211; Paris 13 Atl\u00e9tico<br \/>&#8211; FC Villefranche Beaujolais &#8211; Stade Briochin<br \/>&#8211; US Concarneau &#8211; US Orl\u00e9ans LF<br \/>&#8211; SC Aubagne Air Bel &#8211; Le Puy F43A <br \/>&#8211; Quevilly Rouen M\u00e9tropole &#8211; Berrichonne Ch\u00e2teauroux <br \/>&#8211; Versailles 78 FC &#8211; Valenciennes FC<br \/>&#8211; Fleury 91 FC &#8211; FC Sochaux-Montb\u00e9liard<br \/>&#8211; Bourg-en-Bresse P\u00e9ronnas &#8211; Dijon FCO<\/p>\n<p>Exempt : FC Rouen<\/p>\n<p>    <script async src=\"https:\/\/platform.twitter.com\/widgets.js\" charset=\"utf-8\"><\/script><\/p>\n","protected":false},"excerpt":{"rendered":"samedi 1 novembre 2025 &#8211; 17:15 &#8211; R. R. Vainqueurs de Villefranche-Beaujolais samedi (2-1), les Normands comptent d\u00e9sormais&hellip;\n","protected":false},"author":2,"featured_media":505292,"comment_status":"","ping_status":"","sticky":false,"template":"","format":"standard","meta":{"footnotes":""},"categories":[9587],"tags":[1111,11,1777,674,85,1011,27,12,5161,25,9590],"class_list":{"0":"post-505291","1":"post","2":"type-post","3":"status-publish","4":"format-standard","5":"has-post-thumbnail","7":"category-rouen","8":"tag-actu","9":"tag-actualites","10":"tag-eu","11":"tag-europe","12":"tag-fff","13":"tag-fr","14":"tag-france","15":"tag-news","16":"tag-normandie","17":"tag-republique-francaise","18":"tag-rouen"},"share_on_mastodon":{"url":"https:\/\/pubeurope.com\/@fr\/115476301368113817","error":""},"_links":{"self":[{"href":"https:\/\/www.europesays.com\/fr\/wp-json\/wp\/v2\/posts\/505291","targetHints":{"allow":["GET"]}}],"collection":[{"href":"https:\/\/www.europesays.com\/fr\/wp-json\/wp\/v2\/posts"}],"about":[{"href":"https:\/\/www.europesays.com\/fr\/wp-json\/wp\/v2\/types\/post"}],"author":[{"embeddable":true,"href":"https:\/\/www.europesays.com\/fr\/wp-json\/wp\/v2\/users\/2"}],"replies":[{"embeddable":true,"href":"https:\/\/www.europesays.com\/fr\/wp-json\/wp\/v2\/comments?post=505291"}],"version-history":[{"count":0,"href":"https:\/\/www.europesays.com\/fr\/wp-json\/wp\/v2\/posts\/505291\/revisions"}],"wp:featuredmedia":[{"embeddable":true,"href":"https:\/\/www.europesays.com\/fr\/wp-json\/wp\/v2\/media\/505292"}],"wp:attachment":[{"href":"https:\/\/www.europesays.com\/fr\/wp-json\/wp\/v2\/media?parent=505291"}],"wp:term":[{"taxonomy":"category","embeddable":true,"href":"https:\/\/www.europesays.com\/fr\/wp-json\/wp\/v2\/categories?post=505291"},{"taxonomy":"post_tag","embeddable":true,"href":"https:\/\/www.europesays.com\/fr\/wp-json\/wp\/v2\/tags?post=505291"}],"curies":[{"name":"wp","href":"https:\/\/api.w.org\/{rel}","templated":true}]}}