{"id":505299,"date":"2025-11-01T20:24:27","date_gmt":"2025-11-01T20:24:27","guid":{"rendered":"https:\/\/www.europesays.com\/fr\/505299\/"},"modified":"2025-11-01T20:24:27","modified_gmt":"2025-11-01T20:24:27","slug":"apres-lincendie-de-rennes-les-voisins-remercient-leurs-sauveteurs-journal-de-20-heures","status":"publish","type":"post","link":"https:\/\/www.europesays.com\/fr\/505299\/","title":{"rendered":"Apr\u00e8s l&rsquo;incendie de Rennes : les voisins remercient leurs sauveteurs &#8211; Journal de 20 heures"},"content":{"rendered":"<p id=\"descriptionPanel\" class=\"text-secondary mr-2 line-clamp-2 pr-2.5 overflow-visible\">\u00c0 Rennes, en Ille-et-Vilaine, deux \u00e9tudiants, ayant un bon r\u00e9flexe et une bonne initiative, ont sauv\u00e9 la vie de plusieurs habitants d&rsquo;un immeuble qui \u00e9tait en feu. Vendredi, \u00e0 cinq heures du matin, les deux amis ont aper\u00e7u les flammes depuis la rue, appel\u00e9 les pompiers et fait du porte-\u00e0-porte pour r\u00e9veiller les occupants. Des rescap\u00e9s, reconnaissants, les ont chaleureusement remerci\u00e9s ce samedi. Gr\u00e2ce \u00e0 leur acte de bravoure, seul un appartement des neuf de l&rsquo;immeuble a \u00e9t\u00e9 endommag\u00e9.<\/p>\n<p>TF1 | Reportage M. MONNIER, S. DOUCER\u00c9, S. HASH\u00c9MI<\/p>\n<p>Afficher la version longue du r\u00e9sum\u00e9<a class=\"shrink-0\" href=\"https:\/\/www.tf1.fr\/tf1\/jt-20h\" target=\"_blank\" rel=\"noopener\"><img decoding=\"async\" src=\"https:\/\/www.europesays.com\/fr\/wp-content\/uploads\/2025\/09\/program-card-portrait-1-2a6a1e-2a3b77-0@1x.jpg\" width=\"138\" height=\"184\" alt=\"\" loading=\"eager\" fetchpriority=\"auto\" class=\"rounded-3px aspect-[3\/4] h-24 w-auto\" aria-hidden=\"true\"\/><\/a><\/p>\n","protected":false},"excerpt":{"rendered":"\u00c0 Rennes, en Ille-et-Vilaine, deux \u00e9tudiants, ayant un bon r\u00e9flexe et une bonne initiative, ont sauv\u00e9 la vie&hellip;\n","protected":false},"author":2,"featured_media":505300,"comment_status":"","ping_status":"","sticky":false,"template":"","format":"standard","meta":{"footnotes":""},"categories":[2821],"tags":[1111,11,829,1777,674,3483,3697,41323,41321,1011,27,3699,3698,41324,41329,41333,41322,41330,41334,41327,41326,12,584,25,41331,41332,3701,41328,3700,41325],"class_list":{"0":"post-505299","1":"post","2":"type-post","3":"status-publish","4":"format-standard","5":"has-post-thumbnail","7":"category-rennes","8":"tag-actu","9":"tag-actualites","10":"tag-bretagne","11":"tag-eu","12":"tag-europe","13":"tag-extrait","14":"tag-extrait-journal-de-20-heures","15":"tag-extrait-journal-de-20-heures-tf1","16":"tag-extrait-tf1","17":"tag-fr","18":"tag-france","19":"tag-journal-de-20-heures","20":"tag-journal-de-20-heures-extrait","21":"tag-journal-de-20-heures-extrait-tf1","22":"tag-journal-de-20-heures-streaming","23":"tag-journal-de-20-heures-streaming-gratuit","24":"tag-journal-de-20-heures-tf1","25":"tag-journal-de-20-heures-tf1-streaming","26":"tag-journal-de-20-heures-tf1-streaming-gratuit","27":"tag-journal-de-20-heures-tf1-video","28":"tag-journal-de-20-heures-video","29":"tag-news","30":"tag-rennes","31":"tag-republique-francaise","32":"tag-streaming-gratuit-journal-de-20-heures","33":"tag-streaming-gratuit-journal-de-20-heures-tf1","34":"tag-streaming-journal-de-20-heures","35":"tag-streaming-journal-de-20-heures-tf1","36":"tag-video-journal-de-20-heures","37":"tag-video-journal-de-20-heures-tf1"},"share_on_mastodon":{"url":"","error":"Validation failed: Text character limit of 500 exceeded"},"_links":{"self":[{"href":"https:\/\/www.europesays.com\/fr\/wp-json\/wp\/v2\/posts\/505299","targetHints":{"allow":["GET"]}}],"collection":[{"href":"https:\/\/www.europesays.com\/fr\/wp-json\/wp\/v2\/posts"}],"about":[{"href":"https:\/\/www.europesays.com\/fr\/wp-json\/wp\/v2\/types\/post"}],"author":[{"embeddable":true,"href":"https:\/\/www.europesays.com\/fr\/wp-json\/wp\/v2\/users\/2"}],"replies":[{"embeddable":true,"href":"https:\/\/www.europesays.com\/fr\/wp-json\/wp\/v2\/comments?post=505299"}],"version-history":[{"count":0,"href":"https:\/\/www.europesays.com\/fr\/wp-json\/wp\/v2\/posts\/505299\/revisions"}],"wp:featuredmedia":[{"embeddable":true,"href":"https:\/\/www.europesays.com\/fr\/wp-json\/wp\/v2\/media\/505300"}],"wp:attachment":[{"href":"https:\/\/www.europesays.com\/fr\/wp-json\/wp\/v2\/media?parent=505299"}],"wp:term":[{"taxonomy":"category","embeddable":true,"href":"https:\/\/www.europesays.com\/fr\/wp-json\/wp\/v2\/categories?post=505299"},{"taxonomy":"post_tag","embeddable":true,"href":"https:\/\/www.europesays.com\/fr\/wp-json\/wp\/v2\/tags?post=505299"}],"curies":[{"name":"wp","href":"https:\/\/api.w.org\/{rel}","templated":true}]}}