{"id":505302,"date":"2025-11-01T20:26:13","date_gmt":"2025-11-01T20:26:13","guid":{"rendered":"https:\/\/www.europesays.com\/fr\/505302\/"},"modified":"2025-11-01T20:26:13","modified_gmt":"2025-11-01T20:26:13","slug":"ligue-1-le-racing-club-de-strasbourg-entend-garder-lelan-a-rennes","status":"publish","type":"post","link":"https:\/\/www.europesays.com\/fr\/505302\/","title":{"rendered":"Ligue 1. Le Racing Club de Strasbourg entend garder l\u2019\u00e9lan \u00e0 Rennes"},"content":{"rendered":"<p>Le Paris SG le 17\u00a0octobre au Parc (3-3), les Polonais de Bialystok \u00e0 la Meinau le 23 (1-1), un d\u00e9placement infructueux le 27 \u00e0 Lyon (2-1), une victoire domestique contre Auxerre (3-0) mercredi, un d\u00e9tour par Rennes ce dimanche avant une nouvelle escale europ\u00e9enne \u00e0 G\u00f6teborg le jeudi 6\u00a0novembre.<\/p>\n<p>Depuis la fin de la derni\u00e8re tr\u00eave internationale, le Racing suit un rythme effr\u00e9n\u00e9 et il ne pourra souffler quelques jours qu\u2019une fois pass\u00e9e la r\u00e9ception de Lille le 9\u00a0novembre. Cette fr\u00e9n\u00e9sie footballistique n\u2019est pas pour d\u00e9plaire \u00e0 <a href=\"https:\/\/www.dna.fr\/p\/liam-rosenior\" target=\"_blank\" rel=\"noopener\">Liam Rosenior<\/a>.<\/p>\n<p>On sait le coach britannique gourmand d\u00e8s qu\u2019il est question de ballon rond. Il l\u2019a confirm\u00e9 ce samedi, \u00e0 la veille du cinqui\u00e8me match en 17 jours de son \u00e9quipe.<\/p>\n<p>\u00ab\u00a0C\u2019est encore plus de plaisir, a souri le quadrag\u00e9naire. En Angleterre, et sp\u00e9cialement en Championship (la 2e\u00a0 division o\u00f9 il a lanc\u00e9 sa carri\u00e8re d\u2019entra\u00eeneur, ndlr) , le rythme est assez similaire, donc c\u2019est quelque chose auquel je suis habitu\u00e9. Mais le processus de travail pour le staff&#8230;<\/p>\n","protected":false},"excerpt":{"rendered":"Le Paris SG le 17\u00a0octobre au Parc (3-3), les Polonais de Bialystok \u00e0 la Meinau le 23 (1-1),&hellip;\n","protected":false},"author":2,"featured_media":505303,"comment_status":"","ping_status":"","sticky":false,"template":"","format":"standard","meta":{"footnotes":""},"categories":[2820],"tags":[1111,11,2880,1777,674,107,63,1011,27,775,12,41281,25,517,640,2879],"class_list":{"0":"post-505302","1":"post","2":"type-post","3":"status-publish","4":"format-standard","5":"has-post-thumbnail","7":"category-strasbourg","8":"tag-actu","9":"tag-actualites","10":"tag-edition-strasbourg","11":"tag-eu","12":"tag-europe","13":"tag-fil-info","14":"tag-football","15":"tag-fr","16":"tag-france","17":"tag-grand-est","18":"tag-news","19":"tag-racing-club-strasbourg-masculin","20":"tag-republique-francaise","21":"tag-sport","22":"tag-strasbourg","23":"tag-strasbourg-ville"},"share_on_mastodon":{"url":"https:\/\/pubeurope.com\/@fr\/115476325603063770","error":""},"_links":{"self":[{"href":"https:\/\/www.europesays.com\/fr\/wp-json\/wp\/v2\/posts\/505302","targetHints":{"allow":["GET"]}}],"collection":[{"href":"https:\/\/www.europesays.com\/fr\/wp-json\/wp\/v2\/posts"}],"about":[{"href":"https:\/\/www.europesays.com\/fr\/wp-json\/wp\/v2\/types\/post"}],"author":[{"embeddable":true,"href":"https:\/\/www.europesays.com\/fr\/wp-json\/wp\/v2\/users\/2"}],"replies":[{"embeddable":true,"href":"https:\/\/www.europesays.com\/fr\/wp-json\/wp\/v2\/comments?post=505302"}],"version-history":[{"count":0,"href":"https:\/\/www.europesays.com\/fr\/wp-json\/wp\/v2\/posts\/505302\/revisions"}],"wp:featuredmedia":[{"embeddable":true,"href":"https:\/\/www.europesays.com\/fr\/wp-json\/wp\/v2\/media\/505303"}],"wp:attachment":[{"href":"https:\/\/www.europesays.com\/fr\/wp-json\/wp\/v2\/media?parent=505302"}],"wp:term":[{"taxonomy":"category","embeddable":true,"href":"https:\/\/www.europesays.com\/fr\/wp-json\/wp\/v2\/categories?post=505302"},{"taxonomy":"post_tag","embeddable":true,"href":"https:\/\/www.europesays.com\/fr\/wp-json\/wp\/v2\/tags?post=505302"}],"curies":[{"name":"wp","href":"https:\/\/api.w.org\/{rel}","templated":true}]}}