{"id":505316,"date":"2025-11-01T20:34:14","date_gmt":"2025-11-01T20:34:14","guid":{"rendered":"https:\/\/www.europesays.com\/fr\/505316\/"},"modified":"2025-11-01T20:34:14","modified_gmt":"2025-11-01T20:34:14","slug":"suivez-le-classique-du-top-14-en-live","status":"publish","type":"post","link":"https:\/\/www.europesays.com\/fr\/505316\/","title":{"rendered":"suivez le Classique du Top 14 en live"},"content":{"rendered":"<p>Et voici la compo parisienne<\/p>\n<p><strong>Le XV de d\u00e9part\u00a0du Stade fran\u00e7ais\u00a0:<\/strong> 15. Barr\u00e9\u00a0; 14. Laloi, 13. Ward, 12.Nene, 11.Ezeala\u00a0; 10.Carbonel, 9.Kerr Barlow\u00a0; 7.Briatte (cap.), 8.Macalou, 6.Halaifonua\u00a0; 5.Azagoh, 4.Gabrillagues\u00a0; 3.P. Alo-Emile, 2. Nicotera, 1.Iscaro<\/p>\n<p>Rempla\u00e7ants\u00a0: 16. Peyresblanques, 17. Paiva, 18. Pesenti, 19. Mapu, 20.Abadie, 21. Etien, 22. Ibo, 23.Melikidze<\/p>\n<p>Toulouse remani\u00e9 mais toujours dangereux<\/p>\n<p><strong>Le XV de d\u00e9part\u00a0de Toulouse\u00a0:<\/strong> 15. Kinghorn\u00a0; 14.Capuozzo, 13.Chocobares, 12.Ahki, 11. Delibes\u00a0; 10.Mallia, 9.Graou\u00a0; 7.Roumat, 8.T. Ntamack, 6.Willis (cap.)\u00a0; 5.Verg\u00e9, 4.Elias\u00a0; 3.Ainu\u2019u, 2.Lacombre, 1.Neti.<\/p>\n<p>Rempla\u00e7ants\u00a0: 16. Hawkes, 17.Baille, 18.Bonnard-Martin, 19.Portat, 20.Castro Ferreira, 21.Gourgues, 22.Thomas, 23.Merkler.<\/p>\n<p>Dupont va prolonger \u00e0 Toulouse<\/p>\n<p>Alors qu\u2019il va bient\u00f4t retrouver les terrains apr\u00e8s des mois d\u2019absence, le demi de m\u00eal\u00e9e international Antoine Dupont s\u2019est mis d\u2019accord pour une prolongation de contrat de quatre ans avec le Stade Toulousain. Arriv\u00e9 au club en 2017, il sera donc en rouge et noir jusqu\u2019en juin 2031.<\/p>\n<p><a href=\"https:\/\/rmcsport.bfmtv.com\/rugby\/il-s-inscrit-dans-la-duree-antoine-dupont-va-prolonger-a-toulouse_AV-202510310749.html\" title=\"Il s&#039;inscrit dans la dur\u00e9e: Antoine Dupont va prolonger \u00e0 Toulouse\" class=\"internal_link\" rel=\"nofollow noopener\" target=\"_blank\">&gt;&gt; L&rsquo;article complet est \u00e0 lire ici<\/a><\/p>\n<p><img decoding=\"async\" class=\"lozad\" src=\"https:\/\/www.europesays.com\/fr\/wp-content\/uploads\/2025\/11\/Le-Toulousain-Antoine-Dupont-tout-sourire-avant-le-match-de-son-equipe-12-octobre-2025-2153574.jpg\"  alt=\"Le Toulousain Antoine Dupont tout sourire avant le match de son \u00e9quipe, 12 octobre 2025\" title=\"Le Toulousain Antoine Dupont tout sourire avant le match de son \u00e9quipe, 12 octobre 2025\"\/>Le Toulousain Antoine Dupont tout sourire avant le match de son \u00e9quipe, 12 octobre 2025 \u00a9 Icon SportTOULOUSE-STADE FRANCAIS, COUP D&rsquo;ENVOI DU CLASSIQUE A 21H !<\/p>\n<p>C&rsquo;est l&rsquo;heure du Classique en Top 14 ! Le Stade Toulousain et le Stade Fran\u00e7ais, tous deux leaders du championnat \u00e0 \u00e9galit\u00e9 de points, s&rsquo;affrontent pour prendre seul la t\u00eate du classement. Coup d&rsquo;envoi \u00e0 21h !<\/p>\n","protected":false},"excerpt":{"rendered":"Et voici la compo parisienne Le XV de d\u00e9part\u00a0du Stade fran\u00e7ais\u00a0: 15. Barr\u00e9\u00a0; 14. Laloi, 13. Ward, 12.Nene,&hellip;\n","protected":false},"author":2,"featured_media":505317,"comment_status":"","ping_status":"","sticky":false,"template":"","format":"standard","meta":{"footnotes":""},"categories":[2816],"tags":[1111,11,1777,674,1011,27,12,2680,25,2312],"class_list":{"0":"post-505316","1":"post","2":"type-post","3":"status-publish","4":"format-standard","5":"has-post-thumbnail","7":"category-toulouse","8":"tag-actu","9":"tag-actualites","10":"tag-eu","11":"tag-europe","12":"tag-fr","13":"tag-france","14":"tag-news","15":"tag-occitanie","16":"tag-republique-francaise","17":"tag-toulouse"},"share_on_mastodon":{"url":"https:\/\/pubeurope.com\/@fr\/115476357335573731","error":""},"_links":{"self":[{"href":"https:\/\/www.europesays.com\/fr\/wp-json\/wp\/v2\/posts\/505316","targetHints":{"allow":["GET"]}}],"collection":[{"href":"https:\/\/www.europesays.com\/fr\/wp-json\/wp\/v2\/posts"}],"about":[{"href":"https:\/\/www.europesays.com\/fr\/wp-json\/wp\/v2\/types\/post"}],"author":[{"embeddable":true,"href":"https:\/\/www.europesays.com\/fr\/wp-json\/wp\/v2\/users\/2"}],"replies":[{"embeddable":true,"href":"https:\/\/www.europesays.com\/fr\/wp-json\/wp\/v2\/comments?post=505316"}],"version-history":[{"count":0,"href":"https:\/\/www.europesays.com\/fr\/wp-json\/wp\/v2\/posts\/505316\/revisions"}],"wp:featuredmedia":[{"embeddable":true,"href":"https:\/\/www.europesays.com\/fr\/wp-json\/wp\/v2\/media\/505317"}],"wp:attachment":[{"href":"https:\/\/www.europesays.com\/fr\/wp-json\/wp\/v2\/media?parent=505316"}],"wp:term":[{"taxonomy":"category","embeddable":true,"href":"https:\/\/www.europesays.com\/fr\/wp-json\/wp\/v2\/categories?post=505316"},{"taxonomy":"post_tag","embeddable":true,"href":"https:\/\/www.europesays.com\/fr\/wp-json\/wp\/v2\/tags?post=505316"}],"curies":[{"name":"wp","href":"https:\/\/api.w.org\/{rel}","templated":true}]}}