{"id":505322,"date":"2025-11-01T20:37:12","date_gmt":"2025-11-01T20:37:12","guid":{"rendered":"https:\/\/www.europesays.com\/fr\/505322\/"},"modified":"2025-11-01T20:37:12","modified_gmt":"2025-11-01T20:37:12","slug":"un-mort-et-deux-blesses-dans-le-crash-dun-avion-pres-de-marseille","status":"publish","type":"post","link":"https:\/\/www.europesays.com\/fr\/505322\/","title":{"rendered":"Un mort et deux bless\u00e9s dans le crash d\u2019un avion pr\u00e8s de Marseille"},"content":{"rendered":"<p>Un homme est mort et deux autres personnes ont \u00e9t\u00e9 bless\u00e9es dans le crash d\u2019un petit avion, ce samedi 1er\u00a0novembre 2025, dans l\u2019apr\u00e8s-midi, \u00e0 Roquefort-la-B\u00e9doule, pr\u00e8s de Marseille<\/p>\n<p>Le pilote, \u00e2g\u00e9 de 40\u00a0ans, est d\u00e9c\u00e9d\u00e9 et les passagers, deux hommes \u00e2g\u00e9s d\u2019une quarantaine d\u2019ann\u00e9es, sont <strong>\u00ab\u00a0polytraumatis\u00e9s\u00a0\u00bb,<\/strong> ont indiqu\u00e9 \u00e0 l\u2019AFP les sapeurs-pompiers des Bouches-du-Rh\u00f4ne.<\/p>\n<\/p>\n<p>Les deux bless\u00e9s transport\u00e9s \u00e0 l\u2019h\u00f4pital<\/p>\n<p>Les deux bless\u00e9s ont \u00e9t\u00e9 transport\u00e9s \u00e0 l\u2019h\u00f4pital, sans que l\u2019on sache pour l\u2019instant si leur pronostic vital est engag\u00e9, a ajout\u00e9 cette m\u00eame source.\u00a0L\u2019accident a eu lieu aux alentours de 16\u00a0h\u00a030, dans un massif de Roquefort-la-B\u00e9doule.<\/p>\n<p>Le petit avion, qui effectuait un vol <strong>\u00ab\u00a0dans la r\u00e9gion\u00a0\u00bb,<\/strong> se serait crash\u00e9 <strong>\u00ab\u00a0a priori \u00e0 cause des conditions m\u00e9t\u00e9orologiques\u00a0\u00bb,<\/strong> a indiqu\u00e9 une source proche du dossier.\u00a0Aucune habitation n\u2019a \u00e9t\u00e9 touch\u00e9e, ont pr\u00e9cis\u00e9 les pompiers.<\/p>\n<p>\u00a0<\/p>\n","protected":false},"excerpt":{"rendered":"Un homme est mort et deux autres personnes ont \u00e9t\u00e9 bless\u00e9es dans le crash d\u2019un petit avion, ce&hellip;\n","protected":false},"author":2,"featured_media":505323,"comment_status":"","ping_status":"","sticky":false,"template":"","format":"standard","meta":{"footnotes":""},"categories":[2814],"tags":[1111,11,37,4901,4098,9657,1777,674,1011,27,884,18,12,3762,882,25],"class_list":{"0":"post-505322","1":"post","2":"type-post","3":"status-publish","4":"format-standard","5":"has-post-thumbnail","7":"category-marseille","8":"tag-actu","9":"tag-actualites","10":"tag-avion","11":"tag-blesses","12":"tag-crash","13":"tag-draguignan","14":"tag-eu","15":"tag-europe","16":"tag-fr","17":"tag-france","18":"tag-marseille","19":"tag-mort","20":"tag-news","21":"tag-pres","22":"tag-provence-alpes-cote-dazur","23":"tag-republique-francaise"},"share_on_mastodon":{"url":"https:\/\/pubeurope.com\/@fr\/115476368265533088","error":""},"_links":{"self":[{"href":"https:\/\/www.europesays.com\/fr\/wp-json\/wp\/v2\/posts\/505322","targetHints":{"allow":["GET"]}}],"collection":[{"href":"https:\/\/www.europesays.com\/fr\/wp-json\/wp\/v2\/posts"}],"about":[{"href":"https:\/\/www.europesays.com\/fr\/wp-json\/wp\/v2\/types\/post"}],"author":[{"embeddable":true,"href":"https:\/\/www.europesays.com\/fr\/wp-json\/wp\/v2\/users\/2"}],"replies":[{"embeddable":true,"href":"https:\/\/www.europesays.com\/fr\/wp-json\/wp\/v2\/comments?post=505322"}],"version-history":[{"count":0,"href":"https:\/\/www.europesays.com\/fr\/wp-json\/wp\/v2\/posts\/505322\/revisions"}],"wp:featuredmedia":[{"embeddable":true,"href":"https:\/\/www.europesays.com\/fr\/wp-json\/wp\/v2\/media\/505323"}],"wp:attachment":[{"href":"https:\/\/www.europesays.com\/fr\/wp-json\/wp\/v2\/media?parent=505322"}],"wp:term":[{"taxonomy":"category","embeddable":true,"href":"https:\/\/www.europesays.com\/fr\/wp-json\/wp\/v2\/categories?post=505322"},{"taxonomy":"post_tag","embeddable":true,"href":"https:\/\/www.europesays.com\/fr\/wp-json\/wp\/v2\/tags?post=505322"}],"curies":[{"name":"wp","href":"https:\/\/api.w.org\/{rel}","templated":true}]}}