{"id":505328,"date":"2025-11-01T20:40:26","date_gmt":"2025-11-01T20:40:26","guid":{"rendered":"https:\/\/www.europesays.com\/fr\/505328\/"},"modified":"2025-11-01T20:40:26","modified_gmt":"2025-11-01T20:40:26","slug":"lyon-2e-arrondissement-le-premier-bar-a-focaccia-novettino-ouvre-rue-victor-hugo","status":"publish","type":"post","link":"https:\/\/www.europesays.com\/fr\/505328\/","title":{"rendered":"Lyon 2e Arrondissement. Le premier bar \u00e0 focaccia Novettino ouvre rue Victor-Hugo"},"content":{"rendered":"<p>Une maman italienne, le coup de c\u0153ur pour le Novettino parisien, \u00ab\u00a0le meilleur\u00a0!\u00a0\u00bb et le d\u00e9sir d\u2019avoir un restaurant ont incit\u00e9 Cl\u00e9mentine \u00e0 ouvrir, d\u00e9but octobre, la premi\u00e8re franchise de cette enseigne \u00e0 Lyon, au 59, rue Victor-Hugo. Elle assure\u00a0: \u00ab\u00a0Ici, les clients peuvent savourer une \u201cbuona focaccia\u201d, moelleux pain italien toast\u00e9, garni, selon l\u2019envie et l\u2019humeur du jour, de produits frais et s\u00e9lectionn\u00e9s\u00a0\u00bb. Au menu, 16 recettes pour tous les go\u00fbts et toutes les bourses, le tout fait maison.<\/p>\n<p class=\"note\">Ouvert du lundi au samedi, de 11 \u00e0 19 heures. www.novettino.com<\/p>\n","protected":false},"excerpt":{"rendered":"Une maman italienne, le coup de c\u0153ur pour le Novettino parisien, \u00ab\u00a0le meilleur\u00a0!\u00a0\u00bb et le d\u00e9sir d\u2019avoir un&hellip;\n","protected":false},"author":2,"featured_media":505329,"comment_status":"","ping_status":"","sticky":false,"template":"","format":"standard","meta":{"footnotes":""},"categories":[1889],"tags":[1111,11,2430,4406,33,2757,1777,674,1011,27,2428,12354,12353,12,25],"class_list":{"0":"post-505328","1":"post","2":"type-post","3":"status-publish","4":"format-standard","5":"has-post-thumbnail","7":"category-lyon","8":"tag-actu","9":"tag-actualites","10":"tag-auvergne-rhone-alpes","11":"tag-commerce-et-services","12":"tag-economie","13":"tag-edition-lyon-villeurbanne","14":"tag-eu","15":"tag-europe","16":"tag-fr","17":"tag-france","18":"tag-lyon","19":"tag-lyon-2e","20":"tag-lyon-2e-arrondissement","21":"tag-news","22":"tag-republique-francaise"},"share_on_mastodon":{"url":"https:\/\/pubeurope.com\/@fr\/115476379911233302","error":""},"_links":{"self":[{"href":"https:\/\/www.europesays.com\/fr\/wp-json\/wp\/v2\/posts\/505328","targetHints":{"allow":["GET"]}}],"collection":[{"href":"https:\/\/www.europesays.com\/fr\/wp-json\/wp\/v2\/posts"}],"about":[{"href":"https:\/\/www.europesays.com\/fr\/wp-json\/wp\/v2\/types\/post"}],"author":[{"embeddable":true,"href":"https:\/\/www.europesays.com\/fr\/wp-json\/wp\/v2\/users\/2"}],"replies":[{"embeddable":true,"href":"https:\/\/www.europesays.com\/fr\/wp-json\/wp\/v2\/comments?post=505328"}],"version-history":[{"count":0,"href":"https:\/\/www.europesays.com\/fr\/wp-json\/wp\/v2\/posts\/505328\/revisions"}],"wp:featuredmedia":[{"embeddable":true,"href":"https:\/\/www.europesays.com\/fr\/wp-json\/wp\/v2\/media\/505329"}],"wp:attachment":[{"href":"https:\/\/www.europesays.com\/fr\/wp-json\/wp\/v2\/media?parent=505328"}],"wp:term":[{"taxonomy":"category","embeddable":true,"href":"https:\/\/www.europesays.com\/fr\/wp-json\/wp\/v2\/categories?post=505328"},{"taxonomy":"post_tag","embeddable":true,"href":"https:\/\/www.europesays.com\/fr\/wp-json\/wp\/v2\/tags?post=505328"}],"curies":[{"name":"wp","href":"https:\/\/api.w.org\/{rel}","templated":true}]}}