{"id":505340,"date":"2025-11-01T20:47:13","date_gmt":"2025-11-01T20:47:13","guid":{"rendered":"https:\/\/www.europesays.com\/fr\/505340\/"},"modified":"2025-11-01T20:47:13","modified_gmt":"2025-11-01T20:47:13","slug":"lukraine-dit-avoir-envoye-des-forces-speciales-pour-chasser-des-russes-infiltres-a-pokrovsk","status":"publish","type":"post","link":"https:\/\/www.europesays.com\/fr\/505340\/","title":{"rendered":"L&rsquo;Ukraine dit avoir envoy\u00e9 des forces sp\u00e9ciales pour chasser des Russes infiltr\u00e9s \u00e0 Pokrovsk"},"content":{"rendered":"<p>En d\u00e9but de semaine, <a href=\"https:\/\/www.laprovence.com\/dossiers\/126189\/guerre-en-ukraine\" target=\"_blank\" rel=\"noopener\">Kiev <\/a>a reconnu qu&rsquo;au moins 200 soldats russes s&rsquo;\u00e9taient infiltr\u00e9s dans la cit\u00e9 et des observateurs militaires craignent qu&rsquo;elle ne tombe sous le contr\u00f4le de la Russie, apr\u00e8s avoir \u00e9t\u00e9 au coeur des combats pendant des mois.<\/p>\n<p>\u00ab\u00a0Une op\u00e9ration complexe se poursuit pour d\u00e9truire et chasser les forces ennemies de Pokrovsk\u00a0\u00bb, a affirm\u00e9 samedi le commandant en chef des forces arm\u00e9es ukrainiennes, Oleksandre Syrsky.<\/p>\n<p>Plusieurs milliers de soldats en tentative d&rsquo;infiltration<\/p>\n<p>\u00ab\u00a0Sur mon ordre, des groupes combin\u00e9s de forces d&rsquo;op\u00e9rations sp\u00e9ciales op\u00e8rent dans la ville\u00a0\u00bb, notamment des unit\u00e9s du service de s\u00e9curit\u00e9 (SBU) et du renseignement militaire (GUR), a-t-il ajout\u00e9.<\/p>\n<p>Selon lui, il s&rsquo;agit actuellement de la zone \u00ab\u00a0la plus difficile\u00a0\u00bb du front et un groupement russe \u00ab\u00a0de plusieurs milliers\u00a0\u00bb de soldats tente d&rsquo;infilter l&rsquo;agglom\u00e9ration de Pokrovsk-Myrnograd et d&rsquo;y couper les \u00ab\u00a0routes d&rsquo;approvisionnement\u00a0\u00bb ukrainiennes.<\/p>\n<p>\u00ab\u00a0Cependant, il n&rsquo;y a ni encerclement ni blocus de ces villes, nous mettons tout en \u0153uvre pour assurer la logistique\u00a0\u00bb, a assur\u00e9 M. Syrsky, pr\u00e9cisant que des renforts en unit\u00e9s et \u00e9quipements, dont des drones, allaient \u00eatre envoy\u00e9s dans la zone.<\/p>\n<p><img alt=\"Un soldat ukrainien bless\u00e9 \u00e9vacu\u00e9 de la ligne de front \u00e0 Bakhmout, est de l'Ukraine, le 8 mars 2023.\" loading=\"lazy\" decoding=\"async\" data-nimg=\"fill\" class=\" TwicCore_img__i9TC1 undefined  undefined\" style=\"position:absolute;height:100%;width:100%;left:0;top:0;right:0;bottom:0;color:transparent;background-size:cover;background-position:50% 50%;background-repeat:no-repeat;background-image:url(&quot;data:image\/svg+xml;charset=utf-8,%3Csvg xmlns='http:\/\/www.w3.org\/2000\/svg' %3E%3Cfilter id='b' color-interpolation-filters='sRGB'%3E%3CfeGaussianBlur stdDeviation='20'\/%3E%3CfeColorMatrix values='1 0 0 0 0 0 1 0 0 0 0 0 1 0 0 0 0 0 100 -1' result='s'\/%3E%3CfeFlood x='0' y='0' width='100%25' height='100%25'\/%3E%3CfeComposite operator='out' in='s'\/%3E%3CfeComposite in2='SourceGraphic'\/%3E%3CfeGaussianBlur stdDeviation='20'\/%3E%3C\/filter%3E%3Cimage width='100%25' height='100%25' x='0' y='0' preserveAspectRatio='none' style='filter: url(%23b);' href='https:\/\/pictures.laprovence.com\/cdn-cgi\/image\/blur=250\/media\/melody\/2025\/11\/01\/un-soldat-ukrainien-blesse-evacue-de-la-ligne-de-front-a-bakhmout-est-de-l-ukraine-le-8-mars-2023-1762028923_c645510f6ed86fa45510f6ed8ee455v_.jpg'\/%3E%3C\/svg%3E&quot;)\"   src=\"https:\/\/www.europesays.com\/fr\/wp-content\/uploads\/2025\/11\/un-soldat-ukrainien-blesse-evacue-de-la-ligne-de-front-a-bakhmout-est-de-l-ukraine-le-8-mars-2023-17.jpeg\"\/>Un soldat ukrainien bless\u00e9 \u00e9vacu\u00e9 de la ligne de front \u00e0 Bakhmout, est de l&rsquo;Ukraine, le 8 mars 2023. \/ PHOTO AFP \/ SERGEY SHESTAK<\/p>\n<p>Samedi matin, le minist\u00e8re russe de la D\u00e9fense a revendiqu\u00e9 avoir \u00ab\u00a0d\u00e9truit\u00a0\u00bb un groupe de 11 membres des forces sp\u00e9ciales du renseignement militaire ukrainien (GUR) d\u00e9ploy\u00e9s par h\u00e9licopt\u00e8re \u00e0 \u00ab\u00a0environ un kilom\u00e8tre\u00a0\u00bb au nord-ouest de <a href=\"https:\/\/www.laprovence.com\/article\/politique\/5506876332295614\/ukraine-larmee-russe-revendique-la-conquete-dun-village-de-plus-dans-la-zone-de-pokrovsk\" target=\"_blank\" rel=\"noopener\">Pokrovsk<\/a>.<\/p>\n<p>Des sources militaires ukrainiennes anonymes, cit\u00e9es par plusieurs m\u00e9dias locaux, ont ensuite d\u00e9menti cette affirmation de Moscou.<\/p>\n<p>Des vid\u00e9os publi\u00e9es sur les r\u00e9seaux sociaux ont montr\u00e9 des vols d&rsquo;h\u00e9licopt\u00e8res au-dessus de Pokrovsk. Une autre suppos\u00e9e prise depuis un drone russe a montr\u00e9 des militaires courant dans un champ depuis un h\u00e9licopt\u00e8re qui s&rsquo;y \u00e9tait pos\u00e9.\u00a0<\/p>\n<p>Comptant quelque 60.000 habitants avant le d\u00e9but de l&rsquo;invasion de l&rsquo;Ukraine par la Russie, Pokrovsk est aujourd&rsquo;hui une ville d\u00e9serte et largement d\u00e9truite dans les combats.<\/p>\n<p>Alors que les n\u00e9gociations de paix entre <a href=\"https:\/\/www.laprovence.com\/article\/france-monde\/39269188188916\/guerre-en-ukraine-les-delegations-de-kiev-et-moscou-se-rendent-a-istanbul-pour-des-negociations\" target=\"_blank\" rel=\"noopener\">Kiev et Moscou<\/a> sont au point mort, l&rsquo;arm\u00e9e russe, plus nombreuse, poursuit sans rel\u00e2che ses attaques sur le front et y gagne lentement du terrain, en d\u00e9pit de lourdes pertes.<\/p>\n<p>Ces derniers mois, elle utilise une tactique consistant \u00e0 infiltrer de petits groupes de soldats derri\u00e8re les d\u00e9fenses ukrainiennes en \u00e9vitant de former de grands groupes d&rsquo;assaut, particuli\u00e8rement expos\u00e9s aux frappes de drones.<\/p>\n","protected":false},"excerpt":{"rendered":"En d\u00e9but de semaine, Kiev a reconnu qu&rsquo;au moins 200 soldats russes s&rsquo;\u00e9taient infiltr\u00e9s dans la cit\u00e9 et&hellip;\n","protected":false},"author":2,"featured_media":505341,"comment_status":"","ping_status":"","sticky":false,"template":"","format":"standard","meta":{"footnotes":""},"categories":[1591],"tags":[17,11,6661,154,2827,7821,1887,18720,329,5493,12,1885,1886,132,62684],"class_list":{"0":"post-505340","1":"post","2":"type-post","3":"status-publish","4":"format-standard","5":"has-post-thumbnail","7":"category-russie","8":"tag-17","9":"tag-actualites","10":"tag-avoir","11":"tag-des","12":"tag-dit","13":"tag-envoye","14":"tag-federation-de-russie","15":"tag-forces","16":"tag-france-monde","17":"tag-lukraine","18":"tag-news","19":"tag-russia","20":"tag-russian-federation","21":"tag-russie","22":"tag-speciales"},"share_on_mastodon":{"url":"https:\/\/pubeurope.com\/@fr\/115476408099183222","error":""},"_links":{"self":[{"href":"https:\/\/www.europesays.com\/fr\/wp-json\/wp\/v2\/posts\/505340","targetHints":{"allow":["GET"]}}],"collection":[{"href":"https:\/\/www.europesays.com\/fr\/wp-json\/wp\/v2\/posts"}],"about":[{"href":"https:\/\/www.europesays.com\/fr\/wp-json\/wp\/v2\/types\/post"}],"author":[{"embeddable":true,"href":"https:\/\/www.europesays.com\/fr\/wp-json\/wp\/v2\/users\/2"}],"replies":[{"embeddable":true,"href":"https:\/\/www.europesays.com\/fr\/wp-json\/wp\/v2\/comments?post=505340"}],"version-history":[{"count":0,"href":"https:\/\/www.europesays.com\/fr\/wp-json\/wp\/v2\/posts\/505340\/revisions"}],"wp:featuredmedia":[{"embeddable":true,"href":"https:\/\/www.europesays.com\/fr\/wp-json\/wp\/v2\/media\/505341"}],"wp:attachment":[{"href":"https:\/\/www.europesays.com\/fr\/wp-json\/wp\/v2\/media?parent=505340"}],"wp:term":[{"taxonomy":"category","embeddable":true,"href":"https:\/\/www.europesays.com\/fr\/wp-json\/wp\/v2\/categories?post=505340"},{"taxonomy":"post_tag","embeddable":true,"href":"https:\/\/www.europesays.com\/fr\/wp-json\/wp\/v2\/tags?post=505340"}],"curies":[{"name":"wp","href":"https:\/\/api.w.org\/{rel}","templated":true}]}}