{"id":505344,"date":"2025-11-01T20:49:17","date_gmt":"2025-11-01T20:49:17","guid":{"rendered":"https:\/\/www.europesays.com\/fr\/505344\/"},"modified":"2025-11-01T20:49:17","modified_gmt":"2025-11-01T20:49:17","slug":"inondations-meurtrieres-apres-des-pluies-diluviennes","status":"publish","type":"post","link":"https:\/\/www.europesays.com\/fr\/505344\/","title":{"rendered":"inondations meurtri\u00e8res apr\u00e8s des pluies diluviennes"},"content":{"rendered":"<p>      lire plus tard<\/p>\n<p id=\"dialog__title\" class=\"dialog__title\">Pour sauvegarder cet article, connectez-vous ou cr\u00e9ez un compte franceinfo<\/p>\n<p class=\"dialog__description\">Sans paiement. Sans abonnement.<\/p>\n<p>        Fermer la fen\u00eatre d\u2019activation des notifications France Info<\/p>\n<p>      cr\u00e9er votre compte<\/p>\n<p>      se connecter<\/p>\n<p>        Fermer la fen\u00eatre de pr\u00e9sentation<\/p>\n<p>    Publi\u00e9 le 01\/11\/2025 09:53<\/p>\n<p>      Mis \u00e0 jour le 01\/11\/2025 09:53<\/p>\n<p>        Temps de lecture : 2min &#8211; vid\u00e9o : 1min<\/p>\n<p>    <img decoding=\"async\" class=\"francetv-player-wrapper__image\" alt=\"New York : inondations meurtri\u00e8res apr\u00e8s des pluies diluviennes\"  width=\"432\" height=\"243\" src=\"https:\/\/www.europesays.com\/fr\/wp-content\/uploads\/2025\/11\/new-york-sous-les-eaux-23h-1-6905c98ab3f48144709811.jpg\" fetchpriority=\"high\"\/><\/p>\n<p>              New York : inondations meurtri\u00e8res apr\u00e8s des pluies diluviennes<br \/>\n                    (Franceinfo)<\/p>\n<p>      1min<\/p>\n<p class=\"c-chapo \">\n  \u00c0 New York (Etats-unis) des pluies diluviennes ont engendr\u00e9 des inondations meurtri\u00e8res, deux morts sont \u00e0 d\u00e9plorer \u00e0 la suite de la mont\u00e9e des eaux.\n<\/p>\n<p><strong>Ce texte correspond \u00e0 une partie de la retranscription du reportage ci-dessus. Cliquez sur la vid\u00e9o pour la regarder en int\u00e9gralit\u00e9.\u00a0\u00a0<\/strong><\/p>\n<p>Au pied d\u2019immeubles\u00a0<a href=\"https:\/\/www.franceinfo.fr\/monde\/usa\/new-york-le-tourisme-du-vertige_7204392.html\" rel=\"nofollow noopener\" target=\"_blank\">new-yorkais<\/a>, les rues sont comme des rivi\u00e8res en crue. Sur les trottoirs submerg\u00e9s, les passants avancent avec prudence et beaucoup de difficult\u00e9s. L&rsquo;eau est mont\u00e9e par endroits \u00e0 plus d&rsquo;un m\u00e8tre de hauteur. On se croirait presque dans une ville asiatique lors de la mousson. Dans le m\u00e9tro, m\u00eame spectacle de d\u00e9solation : l&rsquo;eau s&rsquo;engouffre partout. Un bus se transforme subitement en radeau de la M\u00e9duse, obligeant ses passagers \u00e0 lever les jambes.<\/p>\n<p>La m\u00e9galopole am\u00e9ricaine a \u00e9t\u00e9 frapp\u00e9e jeudi 30 octobre par une temp\u00eate et des pr\u00e9cipitations exceptionnelles qui ont fait deux morts. L&rsquo;un d&rsquo;eux, un homme de Brooklyn \u00e2g\u00e9 de 39 ans, a \u00e9t\u00e9 pris au pi\u00e8ge en tentant de sauver son chien coinc\u00e9 dans le sous-sol d\u2019une habitation. Son voisin a encore du mal \u00e0 y croire.\u00a0\u00ab\u00a0C&rsquo;\u00e9tait un gar\u00e7on authentique, g\u00e9n\u00e9reux, ne demandant jamais rien\u00a0\u00bb, d\u00e9clare-t-il. Les pompiers ont retrouv\u00e9 son corps inanim\u00e9. L&rsquo;homme est d\u00e9c\u00e9d\u00e9 \u00e0 l&rsquo;h\u00f4pital quelques instants plus tard.<\/p>\n<p>\u00c0 quelques kilom\u00e8tres de l\u00e0, dans le Queens, les vents violents ont aussi provoqu\u00e9 d&rsquo;importants d\u00e9g\u00e2ts. Des chutes d&rsquo;arbres ont \u00e9cras\u00e9 dans la nuit des dizaines de v\u00e9hicules.\u00a0\u00ab\u00a0C&rsquo;\u00e9tait comme si c&rsquo;\u00e9tait la fin du monde. La pluie tombait si fort et j&rsquo;\u00e9tais \u00e0 l&rsquo;\u00e9tage et tout d&rsquo;un coup, la maison a trembl\u00e9\u00a0\u00bb,\u00a0t\u00e9moigne Diane Squillari, habitante de Flushing, Queens (New York). Ces intemp\u00e9ries majeures ont \u00e9galement caus\u00e9 de longs retards dans les a\u00e9roports de la\u00a0ville. Pr\u00e8s de 10 000 personnes ont \u00e9t\u00e9 priv\u00e9es d&rsquo;\u00e9lectricit\u00e9 \u00e0 New York et dans le New Jersey.<\/p>\n<p class=\"related-tags__title\" role=\"heading\" aria-level=\"2\">les mots-cl\u00e9s associ\u00e9s \u00e0 cet article\n    <\/p>\n","protected":false},"excerpt":{"rendered":"lire plus tard Pour sauvegarder cet article, connectez-vous ou cr\u00e9ez un compte franceinfo Sans paiement. Sans abonnement. Fermer&hellip;\n","protected":false},"author":2,"featured_media":505345,"comment_status":"","ping_status":"","sticky":false,"template":"","format":"standard","meta":{"footnotes":""},"categories":[1589],"tags":[11,73,1866,12,1864,1865,1863,308],"class_list":{"0":"post-505344","1":"post","2":"type-post","3":"status-publish","4":"format-standard","5":"has-post-thumbnail","7":"category-etats-unis","8":"tag-actualites","9":"tag-etats-unis","10":"tag-etats-unis-damerique","11":"tag-news","12":"tag-united-states","13":"tag-united-states-of-america","14":"tag-us","15":"tag-usa"},"share_on_mastodon":{"url":"https:\/\/pubeurope.com\/@fr\/115476416043333663","error":""},"_links":{"self":[{"href":"https:\/\/www.europesays.com\/fr\/wp-json\/wp\/v2\/posts\/505344","targetHints":{"allow":["GET"]}}],"collection":[{"href":"https:\/\/www.europesays.com\/fr\/wp-json\/wp\/v2\/posts"}],"about":[{"href":"https:\/\/www.europesays.com\/fr\/wp-json\/wp\/v2\/types\/post"}],"author":[{"embeddable":true,"href":"https:\/\/www.europesays.com\/fr\/wp-json\/wp\/v2\/users\/2"}],"replies":[{"embeddable":true,"href":"https:\/\/www.europesays.com\/fr\/wp-json\/wp\/v2\/comments?post=505344"}],"version-history":[{"count":0,"href":"https:\/\/www.europesays.com\/fr\/wp-json\/wp\/v2\/posts\/505344\/revisions"}],"wp:featuredmedia":[{"embeddable":true,"href":"https:\/\/www.europesays.com\/fr\/wp-json\/wp\/v2\/media\/505345"}],"wp:attachment":[{"href":"https:\/\/www.europesays.com\/fr\/wp-json\/wp\/v2\/media?parent=505344"}],"wp:term":[{"taxonomy":"category","embeddable":true,"href":"https:\/\/www.europesays.com\/fr\/wp-json\/wp\/v2\/categories?post=505344"},{"taxonomy":"post_tag","embeddable":true,"href":"https:\/\/www.europesays.com\/fr\/wp-json\/wp\/v2\/tags?post=505344"}],"curies":[{"name":"wp","href":"https:\/\/api.w.org\/{rel}","templated":true}]}}