{"id":505348,"date":"2025-11-01T20:51:16","date_gmt":"2025-11-01T20:51:16","guid":{"rendered":"https:\/\/www.europesays.com\/fr\/505348\/"},"modified":"2025-11-01T20:51:16","modified_gmt":"2025-11-01T20:51:16","slug":"avant-paris-le-bayern-impressionne-encore","status":"publish","type":"post","link":"https:\/\/www.europesays.com\/fr\/505348\/","title":{"rendered":"Avant Paris, le Bayern impressionne encore"},"content":{"rendered":"<p><strong>Le Bayern a encha\u00een\u00e9 un 15e<br \/>\nsucc\u00e8s cons\u00e9cutif cette saison aux d\u00e9pens du Bayer.<\/strong><\/p>\n<p>Dans le cadre de <strong><a href=\"https:\/\/www.sports.fr\/football\/allemagne\" rel=\"nofollow noopener\" target=\"_blank\">la 9e journ\u00e9e<br \/>\nde Bundesliga<\/a><\/strong>, les Munichois ont am\u00e9lior\u00e9 leur record<br \/>\nde victoires de rang pour d\u00e9buter un exercice en surclassant<br \/>\nLeverkusen.<\/p>\n<p>Gr\u00e2ce \u00e0 des buts sign\u00e9s Gnabry (25e) et Jackson<br \/>\n(31e), plus un csc de Bad\u00e9, les Bavarois se sont impos\u00e9s<br \/>\n3-0 dans une rencontre maitris\u00e9e en tous points.<\/p>\n<p>A trois jours de son d\u00e9placement au Parc des Princes en Ligue<br \/>\ndes champions pour affronter le PSG, le Bayern conforte donc son<br \/>\nleadership en Allemagne. Avec cinq points d\u2019avance sur Leipzig,<br \/>\nsept sur Dortmund. Le Bayer \u00e9tant cinqui\u00e8me \u00e0 10 longueurs<br \/>\nd\u00e9j\u00e0.<\/p>\n<p>\u00a0<\/p>\n","protected":false},"excerpt":{"rendered":"Le Bayern a encha\u00een\u00e9 un 15e succ\u00e8s cons\u00e9cutif cette saison aux d\u00e9pens du Bayer. Dans le cadre de&hellip;\n","protected":false},"author":2,"featured_media":505349,"comment_status":"","ping_status":"","sticky":false,"template":"","format":"standard","meta":{"footnotes":""},"categories":[1587],"tags":[11,672,1804,1805,1803,1777,674,1801,12,1802],"class_list":{"0":"post-505348","1":"post","2":"type-post","3":"status-publish","4":"format-standard","5":"has-post-thumbnail","7":"category-allemagne","8":"tag-actualites","9":"tag-allemagne","10":"tag-bundesrepublik-deutschland","11":"tag-de","12":"tag-deutschland","13":"tag-eu","14":"tag-europe","15":"tag-germany","16":"tag-news","17":"tag-republique-federale-dallemagne"},"share_on_mastodon":{"url":"https:\/\/pubeurope.com\/@fr\/115476423231516625","error":""},"_links":{"self":[{"href":"https:\/\/www.europesays.com\/fr\/wp-json\/wp\/v2\/posts\/505348","targetHints":{"allow":["GET"]}}],"collection":[{"href":"https:\/\/www.europesays.com\/fr\/wp-json\/wp\/v2\/posts"}],"about":[{"href":"https:\/\/www.europesays.com\/fr\/wp-json\/wp\/v2\/types\/post"}],"author":[{"embeddable":true,"href":"https:\/\/www.europesays.com\/fr\/wp-json\/wp\/v2\/users\/2"}],"replies":[{"embeddable":true,"href":"https:\/\/www.europesays.com\/fr\/wp-json\/wp\/v2\/comments?post=505348"}],"version-history":[{"count":0,"href":"https:\/\/www.europesays.com\/fr\/wp-json\/wp\/v2\/posts\/505348\/revisions"}],"wp:featuredmedia":[{"embeddable":true,"href":"https:\/\/www.europesays.com\/fr\/wp-json\/wp\/v2\/media\/505349"}],"wp:attachment":[{"href":"https:\/\/www.europesays.com\/fr\/wp-json\/wp\/v2\/media?parent=505348"}],"wp:term":[{"taxonomy":"category","embeddable":true,"href":"https:\/\/www.europesays.com\/fr\/wp-json\/wp\/v2\/categories?post=505348"},{"taxonomy":"post_tag","embeddable":true,"href":"https:\/\/www.europesays.com\/fr\/wp-json\/wp\/v2\/tags?post=505348"}],"curies":[{"name":"wp","href":"https:\/\/api.w.org\/{rel}","templated":true}]}}