{"id":505350,"date":"2025-11-01T20:52:20","date_gmt":"2025-11-01T20:52:20","guid":{"rendered":"https:\/\/www.europesays.com\/fr\/505350\/"},"modified":"2025-11-01T20:52:20","modified_gmt":"2025-11-01T20:52:20","slug":"deux-medailles-pour-les-bleus-pour-conclure","status":"publish","type":"post","link":"https:\/\/www.europesays.com\/fr\/505350\/","title":{"rendered":"Deux m\u00e9dailles pour les Bleus pour conclure"},"content":{"rendered":"<p style=\"text-align: justify;\"><strong>JUDO CHAMPIONNATS D\u2019EUROPE U23 \u2013 Gr\u00e2ce-Esther Minandi-Lahou et Fares Mekhoukh apportent deux m\u00e9dailles suppl\u00e9mentaire \u00e0 la d\u00e9l\u00e9gation fran\u00e7aise.<\/strong><\/p>\n<p style=\"text-align: justify;\">Apr\u00e8s une journ\u00e9e prolifique hier (4 m\u00e9dailles), les Bleus ont \u00e9t\u00e9 moins en r\u00e9ussite aujourd\u2019hui. Ils glanent tout de m\u00eame deux nouvelles m\u00e9dailles avant la comp\u00e9tition par \u00e9quipes.<\/p>\n<p>Fares Mekhoukh vice-champion d\u2019Europe<\/p>\n<p style=\"text-align: justify;\">Habitu\u00e9 du circuit junior, <strong>Fares Mekhoukh<\/strong> (-100 kg) a particip\u00e9 \u00e0 son premier Grand Slam \u00e0 Paris cette ann\u00e9e et a termin\u00e9 5e du Grand Prix de Lima d\u00e9but octobre. Chez les juniors, il avait glan\u00e9 le bronze aux Mondiaux il y a un an.<\/p>\n<p style=\"text-align: justify;\">Apr\u00e8s une victoire sur ippon, il s\u2019est impos\u00e9 suite \u00e0 4 minutes au golden score face \u00e0 Diogo Chantre. En demi-finale face \u00e0 Benjamin Mataseje, il s\u2019impose sur le gong gr\u00e2ce \u00e0 une immobilisation.<\/p>\n<p style=\"text-align: justify;\">En finale il affrontait <strong>George Udsilauri<\/strong>, sur le circuit senior depuis l\u2019ann\u00e9e derni\u00e8re. L\u2019Allemand a \u00e9t\u00e9 le premier \u00e0 lancer une attaque mais le yuko lui a \u00e9t\u00e9 retir\u00e9. En danger avec 2 p\u00e9nalit\u00e9s, le Fran\u00e7ais ne parvenait pas \u00e0 accrocher les manches de son adversaire et \u00e9tait en mode d\u00e9fense. Apr\u00e8s 2 minutes golden score, \u00e7a aurait pu \u00eatre une action accord\u00e9e \u00e0 l\u2019Allemand, \u00e7a sera finalement une 3e p\u00e9nalit\u00e9 pour le fran\u00e7ais. <strong>M\u00e9daille d\u2019argent<\/strong> pour Fares Mekhoukh.<\/p>\n<p style=\"text-align: justify;\">Dans la m\u00eame cat\u00e9gorie, <strong>Maxence Bordin<\/strong> s\u2019est inclin\u00e9 au premier tour.<\/p>\n<p>Gr\u00e2ce-Esther Minandi-Lahou en bronze<\/p>\n<p style=\"text-align: justify;\"><strong>Gr\u00e2ce-Esther Minandi-Lahou<\/strong> (+78 kg) a \u00e9t\u00e9 battue lors de son entr\u00e9e en lice en quarts par Roxana Visa. Elle a battu Emilia Gonsior aux rep\u00eachages sur hansoku make avant d\u2019affronter Gabrielle Bouvier pour le bronze. Impossibles \u00e0 d\u00e9partager avec 2 p\u00e9nalit\u00e9s chacune, elles sont all\u00e9es au golden score.<\/p>\n<p style=\"text-align: justify;\">\n<p>Les autres r\u00e9sultats<\/p>\n<p style=\"text-align: justify;\">Tr\u00e8s attendue, <strong>Melkia Auchecorne<\/strong> (-70 kg) aura c\u00e9d\u00e9 sur hansoku make au deuxi\u00e8me tour face \u00e0 Karla Kulic. Apr\u00e8s 15 minutes de combat !<\/p>\n<p>\n<a href=\"https:\/\/dicodusport.fr\/blog\/offres\/abonnements-sans-pub\/\" target=\"_blank\" rel=\"noopener\"><img loading=\"lazy\" decoding=\"async\" class=\"alignnone size-full wp-image-501284 perfmatters-lazy\" alt=\"\" width=\"1200\" height=\"200\" src=\"https:\/\/www.europesays.com\/fr\/wp-content\/uploads\/2025\/04\/Abonnements-sans-pubs-Dicodusport.png\"\/><\/a><\/p>\n<p style=\"text-align: justify;\"><strong>Matt\u00e9o Giordano<\/strong> (-81 kg) a c\u00e9d\u00e9 au golden score sur hansoku make.<\/p>\n<p style=\"text-align: justify;\"><strong>Rayane Ascofare<\/strong> (-90 kg) s\u2019est inclin\u00e9 face \u00e0 Aslan Kotsoev au premier tour (waza-ari-awasate-ippon).<\/p>\n<p style=\"text-align: justify;\"><strong>Angel Gustan<\/strong> (+100 kg) s\u2019est inclin\u00e9 au premier tour face \u00e0 Ibrahim Tataroglu.<\/p>\n","protected":false},"excerpt":{"rendered":"JUDO CHAMPIONNATS D\u2019EUROPE U23 \u2013 Gr\u00e2ce-Esther Minandi-Lahou et Fares Mekhoukh apportent deux m\u00e9dailles suppl\u00e9mentaire \u00e0 la d\u00e9l\u00e9gation fran\u00e7aise.&hellip;\n","protected":false},"author":2,"featured_media":505351,"comment_status":"","ping_status":"","sticky":false,"template":"","format":"standard","meta":{"footnotes":""},"categories":[1586],"tags":[11,2113,1777,674,1011,27,13739,12,25],"class_list":{"0":"post-505350","1":"post","2":"type-post","3":"status-publish","4":"format-standard","5":"has-post-thumbnail","7":"category-europe","8":"tag-actualites","9":"tag-breve","10":"tag-eu","11":"tag-europe","12":"tag-fr","13":"tag-france","14":"tag-judo","15":"tag-news","16":"tag-republique-francaise"},"share_on_mastodon":{"url":"https:\/\/pubeurope.com\/@fr\/115476427525661583","error":""},"_links":{"self":[{"href":"https:\/\/www.europesays.com\/fr\/wp-json\/wp\/v2\/posts\/505350","targetHints":{"allow":["GET"]}}],"collection":[{"href":"https:\/\/www.europesays.com\/fr\/wp-json\/wp\/v2\/posts"}],"about":[{"href":"https:\/\/www.europesays.com\/fr\/wp-json\/wp\/v2\/types\/post"}],"author":[{"embeddable":true,"href":"https:\/\/www.europesays.com\/fr\/wp-json\/wp\/v2\/users\/2"}],"replies":[{"embeddable":true,"href":"https:\/\/www.europesays.com\/fr\/wp-json\/wp\/v2\/comments?post=505350"}],"version-history":[{"count":0,"href":"https:\/\/www.europesays.com\/fr\/wp-json\/wp\/v2\/posts\/505350\/revisions"}],"wp:featuredmedia":[{"embeddable":true,"href":"https:\/\/www.europesays.com\/fr\/wp-json\/wp\/v2\/media\/505351"}],"wp:attachment":[{"href":"https:\/\/www.europesays.com\/fr\/wp-json\/wp\/v2\/media?parent=505350"}],"wp:term":[{"taxonomy":"category","embeddable":true,"href":"https:\/\/www.europesays.com\/fr\/wp-json\/wp\/v2\/categories?post=505350"},{"taxonomy":"post_tag","embeddable":true,"href":"https:\/\/www.europesays.com\/fr\/wp-json\/wp\/v2\/tags?post=505350"}],"curies":[{"name":"wp","href":"https:\/\/api.w.org\/{rel}","templated":true}]}}