{"id":505362,"date":"2025-11-01T20:59:11","date_gmt":"2025-11-01T20:59:11","guid":{"rendered":"https:\/\/www.europesays.com\/fr\/505362\/"},"modified":"2025-11-01T20:59:11","modified_gmt":"2025-11-01T20:59:11","slug":"direct-irlande-nouvelle-zelande-choc-de-titans-a-chicago-suivez-le-match-de-la-tournee-dautomne-2025","status":"publish","type":"post","link":"https:\/\/www.europesays.com\/fr\/505362\/","title":{"rendered":"Direct. Irlande &#8211; Nouvelle-Z\u00e9lande : choc de titans \u00e0 Chicago, suivez le match de la tourn\u00e9e d&rsquo;automne 2025"},"content":{"rendered":"<p>\n                Bonjour et bienvenue sur Rugbyrama pour suivre en direct la rencontre opposant l&rsquo;Irlande \u00e0 la Nouvelle-Z\u00e9lande dans le cadre de la tourn\u00e9e d&rsquo;automne 2025.\n            <\/p>\n<p>L&rsquo;Irlande d\u00e9bute sa tourn\u00e9e avec du lourd&#8230; aux \u00c9tats-Unis.<\/p>\n<p>La Nouvelle-Z\u00e9lande compte profiter de la d\u00e9localisation de cette rencontre pour \u00e9touffert le XV du Tr\u00e8fle.<\/p>\n<p>La rencontre est arbitr\u00e9e par M. Brousset.<\/p>\n","protected":false},"excerpt":{"rendered":"Bonjour et bienvenue sur Rugbyrama pour suivre en direct la rencontre opposant l&rsquo;Irlande \u00e0 la Nouvelle-Z\u00e9lande dans le&hellip;\n","protected":false},"author":2,"featured_media":505363,"comment_status":"","ping_status":"","sticky":false,"template":"","format":"standard","meta":{"footnotes":""},"categories":[1416],"tags":[1011,27,479,1468,60],"class_list":{"0":"post-505362","1":"post","2":"type-post","3":"status-publish","4":"format-standard","5":"has-post-thumbnail","7":"category-rugby","8":"tag-fr","9":"tag-france","10":"tag-rugby","11":"tag-rugby-football","12":"tag-sports"},"share_on_mastodon":{"url":"https:\/\/pubeurope.com\/@fr\/115476454704120887","error":""},"_links":{"self":[{"href":"https:\/\/www.europesays.com\/fr\/wp-json\/wp\/v2\/posts\/505362","targetHints":{"allow":["GET"]}}],"collection":[{"href":"https:\/\/www.europesays.com\/fr\/wp-json\/wp\/v2\/posts"}],"about":[{"href":"https:\/\/www.europesays.com\/fr\/wp-json\/wp\/v2\/types\/post"}],"author":[{"embeddable":true,"href":"https:\/\/www.europesays.com\/fr\/wp-json\/wp\/v2\/users\/2"}],"replies":[{"embeddable":true,"href":"https:\/\/www.europesays.com\/fr\/wp-json\/wp\/v2\/comments?post=505362"}],"version-history":[{"count":0,"href":"https:\/\/www.europesays.com\/fr\/wp-json\/wp\/v2\/posts\/505362\/revisions"}],"wp:featuredmedia":[{"embeddable":true,"href":"https:\/\/www.europesays.com\/fr\/wp-json\/wp\/v2\/media\/505363"}],"wp:attachment":[{"href":"https:\/\/www.europesays.com\/fr\/wp-json\/wp\/v2\/media?parent=505362"}],"wp:term":[{"taxonomy":"category","embeddable":true,"href":"https:\/\/www.europesays.com\/fr\/wp-json\/wp\/v2\/categories?post=505362"},{"taxonomy":"post_tag","embeddable":true,"href":"https:\/\/www.europesays.com\/fr\/wp-json\/wp\/v2\/tags?post=505362"}],"curies":[{"name":"wp","href":"https:\/\/api.w.org\/{rel}","templated":true}]}}