{"id":505364,"date":"2025-11-01T21:00:12","date_gmt":"2025-11-01T21:00:12","guid":{"rendered":"https:\/\/www.europesays.com\/fr\/505364\/"},"modified":"2025-11-01T21:00:12","modified_gmt":"2025-11-01T21:00:12","slug":"iga-swiatek-expeditive-face-a-madison-keys-dans-les-wta-finals-elena-rybakina-egalement-victorieuse-lequipe","status":"publish","type":"post","link":"https:\/\/www.europesays.com\/fr\/505364\/","title":{"rendered":"Iga Swiatek exp\u00e9ditive face \u00e0 Madison Keys dans les WTA Finals, Elena Rybakina \u00e9galement victorieuse &#8211; L&#039;\u00c9quipe"},"content":{"rendered":"<ol>\n<li><a href=\"https:\/\/news.google.com\/rss\/articles\/CBMixgFBVV95cUxQTlJjOHIzYVFGNE91TklRaldQN0xTZVhmSXF0cHotWk1FYTZUV2pFdDhuOXNPbU1zTmJIc0tvOTlPMmxHejNGcE5JM0puUHpGdjFWa0hici05NVYyLUwyT2VMTjZaNlRFTjNrZjZrdjJESGhZVUhydDZaMWg1ZEFMTFpKV1hnT2ZzUkpnbEM2YmRVd0dTbnUxNWQzQnVhY1V3TUp0STBwWmFhaTM4VER4bFdISERvbXJudmhiX0pmOEg1NjdEUHc?oc=5\" target=\"_blank\" rel=\"nofollow noopener\">Iga Swiatek exp\u00e9ditive face \u00e0 Madison Keys dans les WTA Finals, Elena Rybakina \u00e9galement victorieuse<\/a>&nbsp;&nbsp;L&rsquo;\u00c9quipe<\/li>\n<li><a href=\"https:\/\/news.google.com\/rss\/articles\/CBMi5wFBVV95cUxQOXhYT1pUUGxiRm1BZkRScERmb2cxV29mWF9YM1hLZFlvTWRaLVF1cTZLUVBXcjBiTUNvTjExR3Q0NTVhRUpCWmNCU0tMRE5lM3JkNEVOeGwySVF1QU1pQUtlVjNMMXhqaHRDOHRWY3pHWmVIMnVTZG52SHU3T29ORG9la0NBOTlxWXlZSWJvOFpBQ1J5UmEzUDVEbThIdmpCM29mYnI5Zk8yMmc1U0dQLVBsZlllMF9sd0NfcXdUYjBNNHBGU082aGhCZGluUTNpd3c5R2NPLUhwSlpWdS01ckVIcTl4Zms?oc=5\" target=\"_blank\" rel=\"nofollow noopener\">Swiatek sans piti\u00e9 pour Keys<\/a>&nbsp;&nbsp;Eurosport<\/li>\n<li><a href=\"https:\/\/news.google.com\/rss\/articles\/CBMisAFBVV95cUxPV0Rya055T194ZnlRQnVhQWNmWWJWWWRXM3ZDWXA2RXNVNkthdDc4M0JFUUhoTVUzYXhFbWpTQUdPc1RpQm8zc1hfTnBEbjdFQ3JtVXVvbXhiamx6aGFrVDh4bWIza0NhUV95Ri1TdUozcDY4Mk5ILTNqYjkyY0pqQ18zUHZkcDdRR0xUWTdoalJRU3AzVDBfUWY3RXliREFpcWh3N25scUl2bDBNRU0yMA?oc=5\" target=\"_blank\" rel=\"nofollow noopener\">Finales WTA : Swiatek balaye Keys, Rybakina domine Anisimova<\/a>&nbsp;&nbsp;lanouvellerepublique.fr<\/li>\n<li><a href=\"https:\/\/news.google.com\/rss\/articles\/CBMisgFBVV95cUxPWTZ2RERxdFE4b1JOV0h1Um96QVBOeklPcURIRVdybWtyaUVsUkFhR0xmUVNOdUFYSzNMTGg4cy1aSjFUZEphU1k5T1VHYWt5djFkaldnSjRZNkc3LTNtandNQ0FoWW4xQlE1WU5rQUZHMU05ZUlXa1lOU1M3TUlQSVd6ajRMSzRlelpLRWhWa2ZETlg1R0I1R2RIdmxPbFoyVndmZ0JaZFIwSEFZVl94Mmdn?oc=5\" target=\"_blank\" rel=\"nofollow noopener\">Tennis. Masters WTA : Iga Swiatek \u00e9trille Madison Keys pour son entr\u00e9e en lice, Rybakina domine Anisimova<\/a>&nbsp;&nbsp;Le Dauphin\u00e9 Lib\u00e9r\u00e9<\/li>\n<li><a href=\"https:\/\/news.google.com\/rss\/articles\/CBMisgFBVV95cUxOTkhkcjJ5LWlOZ01yejh3X1pNVG05eW1BODRfX29hVWZibVRoNkpkZTBLajFiM3h2cTBGMV9SSi04NTVINXJucGRGb1hKUE1ONV9zYzdwbjZROURQM1oxbjlRc0VmLWtMSmV1dXhHRm1SdGpXVnVDT0lHTXdJWl9jUXJDV0hXcW9DczlmcnF6M1BzQlFYRXl0RGhvclZ5b284cjhPamliZXg5QXhIVkVUY3p3?oc=5\" target=\"_blank\" rel=\"nofollow noopener\">WTA Finals &#8211; Victoire tranquille de Swiatek face \u00e0 Keys<\/a>&nbsp;&nbsp;Sports &#8211; Orange<\/li>\n<\/ol>\n","protected":false},"excerpt":{"rendered":"Iga Swiatek exp\u00e9ditive face \u00e0 Madison Keys dans les WTA Finals, Elena Rybakina \u00e9galement victorieuse&nbsp;&nbsp;L&rsquo;\u00c9quipe Swiatek sans piti\u00e9&hellip;\n","protected":false},"author":2,"featured_media":505365,"comment_status":"","ping_status":"","sticky":false,"template":"","format":"standard","meta":{"footnotes":""},"categories":[1415],"tags":[1011,27,60,1467],"class_list":{"0":"post-505364","1":"post","2":"type-post","3":"status-publish","4":"format-standard","5":"has-post-thumbnail","7":"category-tennis","8":"tag-fr","9":"tag-france","10":"tag-sports","11":"tag-tennis"},"share_on_mastodon":{"url":"https:\/\/pubeurope.com\/@fr\/115476458593078153","error":""},"_links":{"self":[{"href":"https:\/\/www.europesays.com\/fr\/wp-json\/wp\/v2\/posts\/505364","targetHints":{"allow":["GET"]}}],"collection":[{"href":"https:\/\/www.europesays.com\/fr\/wp-json\/wp\/v2\/posts"}],"about":[{"href":"https:\/\/www.europesays.com\/fr\/wp-json\/wp\/v2\/types\/post"}],"author":[{"embeddable":true,"href":"https:\/\/www.europesays.com\/fr\/wp-json\/wp\/v2\/users\/2"}],"replies":[{"embeddable":true,"href":"https:\/\/www.europesays.com\/fr\/wp-json\/wp\/v2\/comments?post=505364"}],"version-history":[{"count":0,"href":"https:\/\/www.europesays.com\/fr\/wp-json\/wp\/v2\/posts\/505364\/revisions"}],"wp:featuredmedia":[{"embeddable":true,"href":"https:\/\/www.europesays.com\/fr\/wp-json\/wp\/v2\/media\/505365"}],"wp:attachment":[{"href":"https:\/\/www.europesays.com\/fr\/wp-json\/wp\/v2\/media?parent=505364"}],"wp:term":[{"taxonomy":"category","embeddable":true,"href":"https:\/\/www.europesays.com\/fr\/wp-json\/wp\/v2\/categories?post=505364"},{"taxonomy":"post_tag","embeddable":true,"href":"https:\/\/www.europesays.com\/fr\/wp-json\/wp\/v2\/tags?post=505364"}],"curies":[{"name":"wp","href":"https:\/\/api.w.org\/{rel}","templated":true}]}}