{"id":505370,"date":"2025-11-01T21:06:11","date_gmt":"2025-11-01T21:06:11","guid":{"rendered":"https:\/\/www.europesays.com\/fr\/505370\/"},"modified":"2025-11-01T21:06:11","modified_gmt":"2025-11-01T21:06:11","slug":"salaire-depart-retraite-armande-altai-balance-tout-de-son-experience-a-la-star-academy","status":"publish","type":"post","link":"https:\/\/www.europesays.com\/fr\/505370\/","title":{"rendered":"Salaire, d\u00e9part, retraite&#8230; Armande Alta\u00ef balance tout de son exp\u00e9rience \u00e0 la \u00ab\u00a0Star Academy\u00a0\u00bb"},"content":{"rendered":"<p>Si elle n&rsquo;a \u00e9t\u00e9 professeure de chant que pendant trois petites saisons, <strong>Armande Alta\u00ef n&rsquo;en reste pas moins l&rsquo;un des visages les plus iconiques<\/strong> de la Star Academy. Aux c\u00f4t\u00e9s de Kamel Ouali, Rapha\u00eblle Ricci, Oscar Sisto, Matthieu Gonet ou encore Alexia Laroche-Joubert, elle fait partie du corps professoral historique, gr\u00e2ce auquel ont \u00e9clos de nombreuses personnalit\u00e9s. <strong>Jenifer, Nolwenn Leroy ou encore Elodie Fr\u00e9g\u00e9 <\/strong>doivent beaucoup \u00e0 cette professeure excentrique, qui, par sa mani\u00e8re d&rsquo;apprentissage et ses looks excentriques, a laiss\u00e9 une trace ind\u00e9l\u00e9bile dans les murs <a href=\"https:\/\/www.public.fr\/star-academy-contre-toute-attente-l-emblematique-chateau-de-dammarie-les-lys-est-a-vendre\" rel=\"nofollow noopener\" target=\"_blank\">du ch\u00e2teau de Dammarie-les-Lys<\/a>.<\/p>\n<p>Car 22 ans apr\u00e8s son d\u00e9part, Armande Alta\u00ef reste toujours inoubliable. Preuve en est, chaque ann\u00e9e depuis le retour de la marque en 2022, <a href=\"https:\/\/www.public.fr\/armande-altai-de-retour-a-la-star-academy-fait-face-a-un-refus-dune-candidate\" rel=\"nofollow noopener\" target=\"_blank\">elle rempile pour une semaine nostalgique<\/a>, aux c\u00f4t\u00e9s de Kamel Ouali et Oscar Sisto. Ce samedi 1er novembre, \u00e0 l&rsquo;occasion du nouveau prime de la Star Academy diffus\u00e9 en prime, Les Docs du Weekend de TF1 ont rediffus\u00e9 le portrait d&rsquo;Armande Alta\u00ef. La professeure a re\u00e7u les cam\u00e9ras de TF1 <strong>dans son appartement parisien<\/strong>, depuis lequel elle continue de prodiguer des cours de chant.<\/p>\n<p>Armande Alta\u00ef donne des cours \u00e0 des hommes politiques<\/p>\n<p>Comme elle le r\u00e9v\u00e8le aux journalistes, Armande Alta\u00ef facture ses cours 100 euros de l&rsquo;heure. Elle aide des personnes anonymes, mais \u00e9galement des \u00ab\u00a0hommes politiques\u00a0\u00bb, des \u00ab\u00a0chanteuses et com\u00e9diennes\u00a0\u00bb et m\u00eame des \u00ab\u00a0hommes d&rsquo;affaires\u00a0\u00bb. <strong>Mais elle tait leurs noms, confidentialit\u00e9 oblige<\/strong>. Car depuis son d\u00e9part de la Star Academy, la professeure n&rsquo;a jamais arr\u00eat\u00e9 de prodiguer ses conseils. Une passion d\u00e9vorante, certes, <strong>mais aussi une n\u00e9cessit\u00e9<\/strong>, au regard de la faible retraite qui est la sienne&#8230;<\/p>\n<p>\u00ab\u00a0J&rsquo;ai pris ma retraite \u00e0 65 ans. Il y a longtemps. <strong>C&rsquo;\u00e9tait 900 euros. Maintenant, je suis augment\u00e9e, je suis \u00e0 1000 euros<\/strong>. Je n&rsquo;ai pas le choix, je travaillerai\u2026 M\u00eame les artistes les plus connus, qui ont travaill\u00e9 beaucoup, vous seriez \u00e9tonn\u00e9s\u2026 Leurs montants de retraites ne sont pas terribles\u00a0\u00bb a ainsi expliqu\u00e9 Armande Alta\u00ef.<\/p>\n<p>Elle gagnait tr\u00e8s bien sa vie \u00e0 la \u00ab\u00a0Star Ac\u00a0\u00bb<\/p>\n<p>A la Star Academy pourtant, la professeure de chant le reconna\u00eet : elle \u00e9tait tr\u00e8s bien pay\u00e9e. Comme elle le confie aux cam\u00e9ras de TF1, un mois de travail avec les \u00e9l\u00e8ves de la Star Academy <strong>\u00e9tait factur\u00e9 30 000 francs<\/strong>. Une somme rondelette, qui \u00e9quivaut aujourd&rsquo;hui \u00e0 environ 7 000 euros. Pour trois mois et demi de comp\u00e9tition, <strong>Armande Alta\u00ef empochait donc environ 100 000 francs<\/strong>. Une somme qui \u00e9tait \u00e9norme \u00e0 l&rsquo;\u00e9poque, mais qui est aujourd&rsquo;hui plut\u00f4t faible si on la compare aux cachets des nouveaux profs de la Star Academy, qui semblent gagner beaucoup plus.<\/p>\n<p>En 2003 pourtant, tout s&rsquo;\u00e9croule. Les fans de la Star Academy apprennent avec surprise <strong>qu&rsquo;Armande Alta\u00ef a d\u00e9cid\u00e9 de quitter le programme<\/strong>. Apr\u00e8s trois saisons, elle ne sera pas la prof de chant de <a href=\"https:\/\/vsd.fr\/58432-gregory-lemarchal-deux-de-ses-amis-de-la-star-academy-se-dechirent-le-talentueux-chanteur-au-coeur-dun-reglement-de-compte\/\" rel=\"nofollow noopener\" target=\"_blank\">Gr\u00e9gory Lemarchal<\/a>. Si elle reviendra pour la saison 8, en qualit\u00e9 de directrice, les cours de chant seront ensuite assur\u00e9s par <strong>Isabelle Charles<\/strong> (saison 4), <strong>Richard Cross<\/strong> (saisons 5 \u00e0 7) et <strong>Anne Ducros<\/strong> (saison 8). Pour la premi\u00e8re fois, l&rsquo;artiste revient sur cette d\u00e9cision qu&rsquo;elle a prise elle-m\u00eame, fruit de dissensions avec la production de l&rsquo;\u00e9poque.<\/p>\n<p>Des d\u00e9saccords et une envie de libert\u00e9<\/p>\n<p>\u00ab\u00a0Je n&rsquo;\u00e9tais pas d&rsquo;accord. J&rsquo;\u00e9tais pas d&rsquo;accord avec les choix. j&rsquo;avais besoin de me reposer et j&rsquo;avais besoin surtout de <strong>retrouver ce que j&rsquo;\u00e9tais avant ; pouvoir ressortir et \u00eatre tranquille<\/strong>\u00a0\u00bb a ainsi expliqu\u00e9 Armande Alta\u00ef. Vingt ans plus tard, les aficionados de la Star Academy n&rsquo;ont rien oubli\u00e9. Et si elle a aujourd&rsquo;hui 81 ans, la professionnelle n&rsquo;a rien perdu de sa superbe. Ses derniers cours, l&rsquo;an dernier, le d\u00e9montrent \u00e0 eux seuls. Reviendra-t-elle cette ann\u00e9e <strong>\u00e9pauler Sarah, Anouk, Ambre ou encore Victor<\/strong> ? C&rsquo;est tr\u00e8s probable&#8230;<\/p>\n<p>\n          Hits &amp; People en continu\n        <\/p>\n<p>\n          Public Radio\n        <\/p>\n<p>      Mentionn\u00e9s dans cet article<\/p>\n<p>      Sur le m\u00eame sujet<\/p>\n","protected":false},"excerpt":{"rendered":"Si elle n&rsquo;a \u00e9t\u00e9 professeure de chant que pendant trois petites saisons, Armande Alta\u00ef n&rsquo;en reste pas moins&hellip;\n","protected":false},"author":2,"featured_media":505371,"comment_status":"","ping_status":"","sticky":false,"template":"","format":"standard","meta":{"footnotes":""},"categories":[1359],"tags":[62685,58,59,1011,27,973,5095],"class_list":{"0":"post-505370","1":"post","2":"type-post","3":"status-publish","4":"format-standard","5":"has-post-thumbnail","7":"category-people","8":"tag-armande-altai","9":"tag-divertissement","10":"tag-entertainment","11":"tag-fr","12":"tag-france","13":"tag-people","14":"tag-star-academy"},"share_on_mastodon":{"url":"https:\/\/pubeurope.com\/@fr\/115476482245265739","error":""},"_links":{"self":[{"href":"https:\/\/www.europesays.com\/fr\/wp-json\/wp\/v2\/posts\/505370","targetHints":{"allow":["GET"]}}],"collection":[{"href":"https:\/\/www.europesays.com\/fr\/wp-json\/wp\/v2\/posts"}],"about":[{"href":"https:\/\/www.europesays.com\/fr\/wp-json\/wp\/v2\/types\/post"}],"author":[{"embeddable":true,"href":"https:\/\/www.europesays.com\/fr\/wp-json\/wp\/v2\/users\/2"}],"replies":[{"embeddable":true,"href":"https:\/\/www.europesays.com\/fr\/wp-json\/wp\/v2\/comments?post=505370"}],"version-history":[{"count":0,"href":"https:\/\/www.europesays.com\/fr\/wp-json\/wp\/v2\/posts\/505370\/revisions"}],"wp:featuredmedia":[{"embeddable":true,"href":"https:\/\/www.europesays.com\/fr\/wp-json\/wp\/v2\/media\/505371"}],"wp:attachment":[{"href":"https:\/\/www.europesays.com\/fr\/wp-json\/wp\/v2\/media?parent=505370"}],"wp:term":[{"taxonomy":"category","embeddable":true,"href":"https:\/\/www.europesays.com\/fr\/wp-json\/wp\/v2\/categories?post=505370"},{"taxonomy":"post_tag","embeddable":true,"href":"https:\/\/www.europesays.com\/fr\/wp-json\/wp\/v2\/tags?post=505370"}],"curies":[{"name":"wp","href":"https:\/\/api.w.org\/{rel}","templated":true}]}}