{"id":505376,"date":"2025-11-01T21:10:11","date_gmt":"2025-11-01T21:10:11","guid":{"rendered":"https:\/\/www.europesays.com\/fr\/505376\/"},"modified":"2025-11-01T21:10:11","modified_gmt":"2025-11-01T21:10:11","slug":"mariah-carey-reine-de-noel-lance-officiellement-la-saison-du-mauvais-gout-assume-2","status":"publish","type":"post","link":"https:\/\/www.europesays.com\/fr\/505376\/","title":{"rendered":"Mariah Carey, reine de No\u00ebl, lance officiellement la saison du mauvais go\u00fbt assum\u00e9"},"content":{"rendered":"<p class=\"mb-4 text-lg md:leading-8 break-words\"><strong>\u00ab\u00a0all i want\u2026\u00a0\u00bb &#8211; \u00ab\u00a0It\u2019s Time\u00a0!!!\u00a0\u00bb Mais les cadeaux (de l\u2019argent surtout) ne seront que pour elle<\/strong><\/p>\n<p class=\"mb-4 text-lg md:leading-8 break-words\">Quand on est en possession d\u2019<a href=\"https:\/\/www.20minutes.fr\/by-the-web\/4009851-20221114-noel-comment-mariah-carey-devenue-presque-plus-celebre-jesus-christ?at_medium=RSS%20feed&amp;at_campaign=ynews&amp;utm_source=yahoo&amp;utm_medium=rss&amp;utm_campaign=news_feed&amp;utm_content=in_article_link\" rel=\"nofollow noopener\" target=\"_blank\" data-ylk=\"slk:une poule aux \u0153ufs d\u2019or;elm:context_link;itc:0;sec:content-canvas\" class=\"link \">une poule aux \u0153ufs d\u2019or<\/a>, on se d\u00e9brouille pour qu\u2019elle ponde le plus souvent possible\u2026 Mariah Carey veille donc \u00e0 ce que son <a href=\"https:\/\/www.20minutes.fr\/arts-stars\/people\/4119306-20241103-noel-it-time-fini-spooky-season-mariah-carey-ressort-glace?at_medium=RSS%20feed&amp;at_campaign=ynews&amp;utm_source=yahoo&amp;utm_medium=rss&amp;utm_campaign=news_feed&amp;utm_content=in_article_link\" rel=\"nofollow noopener\" target=\"_blank\" data-ylk=\"slk:tube sirupeux et sans int\u00e9r\u00eat;elm:context_link;itc:0;sec:content-canvas\" class=\"link \">tube sirupeux et sans int\u00e9r\u00eat <\/a>(mais \u00e9trangement tr\u00e8s tr\u00e8s populaire) All I Want for Christmas is You red\u00e9marre sa carri\u00e8re saisonni\u00e8re le plus t\u00f4t possible.<\/p>\n<p class=\"mb-4 text-lg md:leading-8 break-words\">Chaque ann\u00e9e, la chanteuse d\u00e9cr\u00e8te qu\u2019il est d\u00e9sormais temps d\u2019\u00e9couter en boucle la chanson qui lui rapporte un maximum de royalties\u2026 2025 ne fait pas exception \u00e0 la r\u00e8gle du capitalisme. Ce samedi 1er\u00a0novembre, Mariah Carey a donc publi\u00e9 une vid\u00e9o sur les r\u00e9seaux sociaux, o\u00f9 elle annonce qu\u2019il \u00ab\u00a0est l\u2019heure\u00a0\u00bb (le fameux \u00ab\u00a0It\u2019s Time\u00a0!!!\u00a0\u00bb) de lancer les festivit\u00e9s de fin d\u2019ann\u00e9e.<\/p>\n<p>Un ange et des elfes<\/p>\n<p class=\"mb-4 text-lg md:leading-8 break-words\">A peine le temps de ranger les costumes d\u2019Halloween, et tant pis si Thanksgiving est encore dans plusieurs jours, business is business. D\u2019ailleurs, Mariah Carey a d\u00e9clin\u00e9 sa chanson en livre pour enfants, s\u00e9rie, films d\u2019animation\u2026 Inutile de lire ou \u00e9couter ces versions, c\u2019est toujours aussi mi\u00e8vre et navrant que \u00ab\u00a0l\u2019original\u00a0\u00bb.<\/p>\n<p class=\"mb-4 text-lg md:leading-8 break-words\">Heureusement, <a href=\"https:\/\/www.youtube.com\/watch?v=Nn2KZOiYgUY&amp;at_medium=RSS%20feed&amp;at_campaign=ynews&amp;utm_source=yahoo&amp;utm_medium=rss&amp;utm_campaign=news_feed&amp;utm_content=in_article_link\" rel=\"nofollow noopener\" target=\"_blank\" data-ylk=\"slk:la vid\u00e9o rituelle;elm:context_link;itc:0;sec:content-canvas\" class=\"link \">la vid\u00e9o rituelle <\/a>a le m\u00e9rite de montrer que Mariah Carey a de l\u2019humour sur elle-m\u00eame (\u00e0 moins que\u2026). Cette ann\u00e9e, elle appara\u00eet en ange et joue la surprise quand elle d\u00e9couvre qu\u2019un elfe a vol\u00e9 ses cadeaux\u2026 Les elfes de No\u00ebl syndiqu\u00e9s &#8211; horreur\u00a0! &#8211; annulent No\u00ebl \u00e0 cause de Mariah Carey qui les met au boulot de plus en plus t\u00f4t.<\/p>\n<p><a href=\"https:\/\/www.20minutes.fr\/noel\/\" rel=\"nofollow noopener\" target=\"_blank\" data-ylk=\"slk:Tous nos articles sur No\u00ebl;elm:context_link;itc:0;sec:content-canvas\" class=\"link \">Tous nos articles sur No\u00ebl<\/a><\/p>\n<p class=\"mb-4 text-lg md:leading-8 break-words\">Heureusement, Mariah Carey se change, en profite pour glisser un ou deux placements de produits \u00e0 sa vi(&#8230;)<\/p>\n<p class=\"mb-4 text-lg md:leading-8 break-words\"><a href=\"https:\/\/www.20minutes.fr\/arts-stars\/culture\/musique\/4183002-20251101-mariah-carey-reine-noel-lance-officiellement-saison-mauvais-gout-assume?at_medium=RSS%20feed&amp;at_campaign=ynews&amp;utm_source=yahoo&amp;utm_medium=rss&amp;utm_campaign=news_feed&amp;utm_content=read_more_link&quot;\" rel=\"nofollow noopener\" target=\"_blank\" data-ylk=\"slk:Lire la suite sur 20minutes;elm:context_link;itc:0;sec:content-canvas\" class=\"link \">Lire la suite sur 20minutes<\/a><\/p>\n<p>\u00c0 lire aussi :<br \/><a href=\"https:\/\/www.20minutes.fr\/arts-stars\/people\/4182611-20251030-prochaine-saison-only-murders-in-the-building-londres-mariah-carey-encore-prete-noel?at_medium=RSS%20feed&amp;at_campaign=ynews&amp;utm_source=yahoo&amp;utm_medium=rss&amp;utm_campaign=news_feed&amp;utm_content=related_content_link\" rel=\"nofollow noopener\" target=\"_blank\" data-ylk=\"slk:La prochaine saison d&#039;\u00ab\u00a0Only Murders in the Building\u00a0\u00bb \u00e0 Londres\u2026 Mariah Carey n\u2019est pas encore pr\u00eate pour No\u00ebl\u2026;elm:context_link;itc:0;sec:content-canvas\" class=\"link \">La prochaine saison d&rsquo;\u00ab\u00a0Only Murders in the Building\u00a0\u00bb \u00e0 Londres\u2026 Mariah Carey n\u2019est pas encore pr\u00eate pour No\u00ebl\u2026<\/a><br \/><a href=\"https:\/\/www.20minutes.fr\/arts-stars\/people\/4166157-20250803-mariah-carey-affirme-vieillit-reste-propre-star-preferee?at_medium=RSS%20feed&amp;at_campaign=ynews&amp;utm_source=yahoo&amp;utm_medium=rss&amp;utm_campaign=news_feed&amp;utm_content=related_content_link\" rel=\"nofollow noopener\" target=\"_blank\" data-ylk=\"slk:Mariah Carey affirme qu\u2019elle ne vieillit pas et qu\u2019elle reste sa propre star pr\u00e9f\u00e9r\u00e9e;elm:context_link;itc:0;sec:content-canvas\" class=\"link \">Mariah Carey affirme qu\u2019elle ne vieillit pas et qu\u2019elle reste sa propre star pr\u00e9f\u00e9r\u00e9e<\/a><\/p>\n","protected":false},"excerpt":{"rendered":"\u00ab\u00a0all i want\u2026\u00a0\u00bb &#8211; \u00ab\u00a0It\u2019s Time\u00a0!!!\u00a0\u00bb Mais les cadeaux (de l\u2019argent surtout) ne seront que pour elle Quand&hellip;\n","protected":false},"author":2,"featured_media":505377,"comment_status":"","ping_status":"","sticky":false,"template":"","format":"standard","meta":{"footnotes":""},"categories":[1355],"tags":[58,59,62686,1011,27,34115,1361,873],"class_list":{"0":"post-505376","1":"post","2":"type-post","3":"status-publish","4":"format-standard","5":"has-post-thumbnail","7":"category-musique","8":"tag-divertissement","9":"tag-entertainment","10":"tag-exception-a-la-regle","11":"tag-fr","12":"tag-france","13":"tag-mariah-carey","14":"tag-music","15":"tag-musique"},"share_on_mastodon":{"url":"https:\/\/pubeurope.com\/@fr\/115476497908179313","error":""},"_links":{"self":[{"href":"https:\/\/www.europesays.com\/fr\/wp-json\/wp\/v2\/posts\/505376","targetHints":{"allow":["GET"]}}],"collection":[{"href":"https:\/\/www.europesays.com\/fr\/wp-json\/wp\/v2\/posts"}],"about":[{"href":"https:\/\/www.europesays.com\/fr\/wp-json\/wp\/v2\/types\/post"}],"author":[{"embeddable":true,"href":"https:\/\/www.europesays.com\/fr\/wp-json\/wp\/v2\/users\/2"}],"replies":[{"embeddable":true,"href":"https:\/\/www.europesays.com\/fr\/wp-json\/wp\/v2\/comments?post=505376"}],"version-history":[{"count":0,"href":"https:\/\/www.europesays.com\/fr\/wp-json\/wp\/v2\/posts\/505376\/revisions"}],"wp:featuredmedia":[{"embeddable":true,"href":"https:\/\/www.europesays.com\/fr\/wp-json\/wp\/v2\/media\/505377"}],"wp:attachment":[{"href":"https:\/\/www.europesays.com\/fr\/wp-json\/wp\/v2\/media?parent=505376"}],"wp:term":[{"taxonomy":"category","embeddable":true,"href":"https:\/\/www.europesays.com\/fr\/wp-json\/wp\/v2\/categories?post=505376"},{"taxonomy":"post_tag","embeddable":true,"href":"https:\/\/www.europesays.com\/fr\/wp-json\/wp\/v2\/tags?post=505376"}],"curies":[{"name":"wp","href":"https:\/\/api.w.org\/{rel}","templated":true}]}}