{"id":505390,"date":"2025-11-01T21:17:16","date_gmt":"2025-11-01T21:17:16","guid":{"rendered":"https:\/\/www.europesays.com\/fr\/505390\/"},"modified":"2025-11-01T21:17:16","modified_gmt":"2025-11-01T21:17:16","slug":"el-facher-la-ville-tombee-aux-mains-des-paramilitaires-et-ou-des-massacres-sont-perpetres","status":"publish","type":"post","link":"https:\/\/www.europesays.com\/fr\/505390\/","title":{"rendered":"El-Facher, la ville tomb\u00e9e aux mains des paramilitaires et o\u00f9 des \u00ab\u00a0massacres\u00a0\u00bb sont perp\u00e9tr\u00e9s"},"content":{"rendered":"<p>        <img decoding=\"async\" loading=\"lazy\" src=\"https:\/\/www.europesays.com\/fr\/wp-content\/uploads\/2025\/11\/d7f72ff_upload-1-jf2jjynnfao1-afp-20251031-82kp69h-v1-highres-sudanconflict.jpg\"  width=\"728\" height=\"409\" alt=\"Une image satellite montrant des personnes rassembl\u00e9es \u00e0 la p\u00e9riph\u00e9rie d\u2019un village situ\u00e9 au nord-ouest d\u2019El-Facher, au Soudan, le 30\u00a0octobre 2025.\"\/>  <\/p>\n<p>HANDOUT \/ AFP<\/p>\n<p>Une image satellite montrant des personnes rassembl\u00e9es \u00e0 la p\u00e9riph\u00e9rie d\u2019un village situ\u00e9 au nord-ouest d\u2019El-Facher, au Soudan, le 30\u00a0octobre 2025.<\/p>\n<p class=\"asset asset-text\">SOUDAN &#8211; Pr\u00e8s d\u2019une semaine apr\u00e8s sa prise par les paramilitaires, la ville <a href=\"https:\/\/www.huffingtonpost.fr\/international\/article\/prix-nobel-de-la-paix-err-cette-initiative-soudanaise-bien-plus-favorite-que-trump_255596.html\" target=\"_blank\" rel=\"noopener\">soudanaise<\/a> d\u2019El-Facher vie des heures noires. De nouvelles images satellites et des t\u00e9moignages de l\u2019ONG M\u00e9decins sans fronti\u00e8res (MSF) y sugg\u00e8rent la poursuite de massacres ce samedi 1er\u00a0novembre.<\/p>\n<p class=\"asset asset-text\">Alors que les informations sur des violences contre les civils se multiplient, les chefs de la diplomatie allemande et britannique ont alert\u00e9 sur une situation \u00ab\u00a0absolument apocalyptique\u00a0\u00bb et \u00ab\u00a0v\u00e9ritablement terrifiante\u00a0\u00bb sur le terrain.<\/p>\n<p class=\"asset asset-text\">Apr\u00e8s 18 mois de si\u00e8ge, les paramilitaires des Forces de soutien rapides (FSR) de Mohamed Daglo ont pris dimanche dernier El-Facher, derni\u00e8re grande ville du Darfour, dans l\u2019ouest du pays, qui \u00e9chappait encore \u00e0 leur contr\u00f4le dans leur guerre contre l\u2019arm\u00e9e du g\u00e9n\u00e9ral Abdel Fattah al-Burhane.<\/p>\n<p class=\"asset asset-text\">Selon le Laboratoire de recherche humanitaire de l\u2019universit\u00e9 de Yale, qui analyse des vid\u00e9os et images satellites, les derni\u00e8res images datant de vendredi ne \u00ab\u00a0montrent aucun mouvement \u00e0 grande \u00e9chelle\u00a0\u00bb \u00e0 El-Facher, ce qui sugg\u00e8re que la majorit\u00e9 de sa population est \u00ab\u00a0morte, captur\u00e9e ou cach\u00e9e\u00a0\u00bb.<\/p>\n<p class=\"asset asset-text\">Le laboratoire a identifi\u00e9 au moins 31 groupes d\u2019\u00ab\u00a0objets\u00a0\u00bb correspondant \u00e0 des corps humains entre lundi et vendredi, dans diff\u00e9rents quartiers, sur des sites universitaires et des sites militaires. \u00ab\u00a0Les indices montrant que les massacres se poursuivent sont clairement visibles\u00a0\u00bb, conclut-il.<\/p>\n<p>    \u00ab\u00a0Tu\u00e9es, retenues, pourchass\u00e9es\u00a0\u00bb    <\/p>\n<p class=\"asset asset-text\">MSF a lui aussi dit craindre ce samedi qu\u2019un \u00ab\u00a0grand nombre de personnes\u00a0\u00bb y soient toujours \u00ab\u00a0en grave danger de mort\u00a0\u00bb et que les civils soient emp\u00each\u00e9s par les FSR\u00a0et leurs alli\u00e9s \u00ab\u00a0d\u2019atteindre des zones plus s\u00fbres\u00a0\u00bb comme Tawila.<\/p>\n<p class=\"asset asset-text\">Des milliers de personnes ont d\u00e9j\u00e0 fui El-Facher pour cette ville situ\u00e9e \u00e0 environ 70\u00a0km \u00e0 l\u2019ouest, o\u00f9 MSF s\u2019est pr\u00e9par\u00e9 \u00e0 faire face \u00e0 un afflux massif de d\u00e9plac\u00e9s et bless\u00e9s.<\/p>\n<p class=\"asset asset-text\">Des survivants ont racont\u00e9 \u00e0 l\u2019ONG que des habitants ont \u00e9t\u00e9 s\u00e9par\u00e9s selon leur sexe, \u00e2ge ou identit\u00e9 ethnique pr\u00e9sum\u00e9e, et que beaucoup sont toujours d\u00e9tenus contre ran\u00e7on. Un rescap\u00e9 a rapport\u00e9 des \u00ab\u00a0sc\u00e8nes horribles\u00a0\u00bb de prisonniers \u00e9cras\u00e9s par les v\u00e9hicules de combattants.<\/p>\n<p class=\"asset asset-text\">\u00ab\u00a0Le\u00a0nombre de personnes arriv\u00e9es \u00e0\u00a0Tawila\u00a0est tr\u00e8s faible (&#8230;) O\u00f9 sont toutes les personnes\u00a0manquantes, qui ont d\u00e9j\u00e0 surv\u00e9cu \u00e0 des mois de famine et de violence \u00e0 El-Facher\u00a0?\u00a0\u00bb s\u2019inqui\u00e8te Michel-Olivier\u00a0Lacharit\u00e9, responsable des\u00a0op\u00e9rations\u00a0d\u2019urgence chez MSF. \u00ab\u00a0D\u2019apr\u00e8s ce que disent les patients, la r\u00e9ponse la plus probable, bien qu\u2019effrayante, est qu\u2019elles sont tu\u00e9es, retenues\u00a0et pourchass\u00e9es lorsqu\u2019elles tentent de fuir\u00a0\u00bb.<\/p>\n<p>    Plus de 65\u00a0000\u00a0civils ont fui    <\/p>\n<p class=\"asset asset-text\">Au total, plus de 65\u00a0000 civils ont fui El-Facher, o\u00f9 des dizaines de milliers de personnes sont encore pi\u00e9g\u00e9es, selon l\u2019<a href=\"https:\/\/www.huffingtonpost.fr\/international\/article\/guerre-en-ukraine-cette-enquete-mandatee-par-l-onu-accuse-la-russie-d-un-autre-crime-contre-l-humanite_256470.html\" target=\"_blank\" rel=\"noopener\">ONU<\/a>. Avant l\u2019assaut final des paramilitaires, la ville comptait environ 260\u00a0000 habitants.<\/p>\n<p class=\"asset asset-text\">Depuis dimanche, plusieurs vid\u00e9os sur les r\u00e9seaux sociaux montrent des hommes en uniforme des FSR y proc\u00e9der \u00e0 des ex\u00e9cutions sommaires, les paramilitaires affirmant que plusieurs de ces s\u00e9quences ont \u00e9t\u00e9 \u00ab\u00a0fabriqu\u00e9es\u00a0\u00bb par des sites li\u00e9s \u00e0 l\u2019arm\u00e9e.<\/p>\n<p class=\"asset asset-text\">Les paramilitaires ont affirm\u00e9 jeudi avoir arr\u00eat\u00e9 plusieurs de leurs combattants soup\u00e7onn\u00e9s d\u2019exactions lors de la prise de la ville, et l\u2019ONU a r\u00e9clam\u00e9 vendredi des enqu\u00eates \u00ab\u00a0rapides et transparentes\u00a0\u00bb apr\u00e8s des \u00ab\u00a0t\u00e9moignages effroyables\u00a0\u00bb d\u2019atrocit\u00e9s dans cette localit\u00e9.<\/p>\n<p class=\"asset asset-text\">Le Soudan est d\u00e9chir\u00e9 depuis avril\u00a02023 par une guerre opposant l\u2019arm\u00e9e, qui contr\u00f4le le nord et l\u2019est du pays &#8211; le gouvernement pro-arm\u00e9e s\u2019\u00e9tant repli\u00e9 sur Port-Soudan &#8211; et les FSR, d\u00e9sormais ma\u00eetres de l\u2019ensemble du Darfour, une r\u00e9gion vaste comme la France m\u00e9tropolitaine.<\/p>\n<p class=\"asset asset-text\">Un rassemblement de soutien au peuple soudanais \u00e9tait organis\u00e9 ce samedi apr\u00e8s-midi \u00e0\u00a0Paris, place de la Bastille.<\/p>\n","protected":false},"excerpt":{"rendered":"HANDOUT \/ AFP Une image satellite montrant des personnes rassembl\u00e9es \u00e0 la p\u00e9riph\u00e9rie d\u2019un village situ\u00e9 au nord-ouest&hellip;\n","protected":false},"author":2,"featured_media":505391,"comment_status":"","ping_status":"","sticky":false,"template":"","format":"standard","meta":{"footnotes":""},"categories":[5],"tags":[11,879,1011,27,14,12,4535,28],"class_list":{"0":"post-505390","1":"post","2":"type-post","3":"status-publish","4":"format-standard","5":"has-post-thumbnail","7":"category-international","8":"tag-actualites","9":"tag-afrique","10":"tag-fr","11":"tag-france","12":"tag-international","13":"tag-news","14":"tag-soudan","15":"tag-world"},"share_on_mastodon":{"url":"https:\/\/pubeurope.com\/@fr\/115476525470175489","error":""},"_links":{"self":[{"href":"https:\/\/www.europesays.com\/fr\/wp-json\/wp\/v2\/posts\/505390","targetHints":{"allow":["GET"]}}],"collection":[{"href":"https:\/\/www.europesays.com\/fr\/wp-json\/wp\/v2\/posts"}],"about":[{"href":"https:\/\/www.europesays.com\/fr\/wp-json\/wp\/v2\/types\/post"}],"author":[{"embeddable":true,"href":"https:\/\/www.europesays.com\/fr\/wp-json\/wp\/v2\/users\/2"}],"replies":[{"embeddable":true,"href":"https:\/\/www.europesays.com\/fr\/wp-json\/wp\/v2\/comments?post=505390"}],"version-history":[{"count":0,"href":"https:\/\/www.europesays.com\/fr\/wp-json\/wp\/v2\/posts\/505390\/revisions"}],"wp:featuredmedia":[{"embeddable":true,"href":"https:\/\/www.europesays.com\/fr\/wp-json\/wp\/v2\/media\/505391"}],"wp:attachment":[{"href":"https:\/\/www.europesays.com\/fr\/wp-json\/wp\/v2\/media?parent=505390"}],"wp:term":[{"taxonomy":"category","embeddable":true,"href":"https:\/\/www.europesays.com\/fr\/wp-json\/wp\/v2\/categories?post=505390"},{"taxonomy":"post_tag","embeddable":true,"href":"https:\/\/www.europesays.com\/fr\/wp-json\/wp\/v2\/tags?post=505390"}],"curies":[{"name":"wp","href":"https:\/\/api.w.org\/{rel}","templated":true}]}}