{"id":505392,"date":"2025-11-01T21:18:11","date_gmt":"2025-11-01T21:18:11","guid":{"rendered":"https:\/\/www.europesays.com\/fr\/505392\/"},"modified":"2025-11-01T21:18:11","modified_gmt":"2025-11-01T21:18:11","slug":"laurent-nunez-met-en-garde-contre-la-methode-du-bras-de-fer-avec-lalgerie","status":"publish","type":"post","link":"https:\/\/www.europesays.com\/fr\/505392\/","title":{"rendered":"Laurent Nu\u00f1ez met en garde contre la m\u00e9thode du \u00abbras de fer\u00bb avec l&rsquo;Alg\u00e9rie"},"content":{"rendered":"<p>\n    Le ministre de l\u2019Int\u00e9rieur a d\u00e9plor\u00e9 l\u2019adoption \u00e0 l\u2019Assembl\u00e9e nationale d\u2019une r\u00e9solution du RN visant \u00e0 \u00abd\u00e9noncer\u00bb l\u2019accord franco-alg\u00e9rien de 1968. Il souligne que \u00able canal est totalement coup\u00e9 aujourd\u2019hui avec Alger\u00bb.<\/p>\n<p class=\"fig-paragraph\">Le ministre de l&rsquo;Int\u00e9rieur, Laurent Nu\u00f1ez, a mis en garde samedi contre la m\u00e9thode du \u00abbras de fer\u00bb avec l&rsquo;Alg\u00e9rie, quelques jours apr\u00e8s\u00a0<a href=\"http:\/\/www.lefigaro.fr\/politique\/france-algerie-le-rn-fait-adopter-a-l-assemblee-la-denonciation-des-accords-de-1968-20251030\" target=\"_blank\" data-fig-type=\"Article\" rel=\"noopener\" data-gtm-custom-categorie=\"navigation\" data-gtm-custom-action=\"crossclick\" data-gtm-custom-label=\"Contextuel\" data-gtm-event=\"customEventSPE\" data-fig-domain=\"LEFIGARO\">l&rsquo;adoption \u00e0 l&rsquo;Assembl\u00e9e nationale d&rsquo;une r\u00e9solution du RN<\/a>\u00a0visant \u00e0 \u00abd\u00e9noncer\u00bb\u00a0<a href=\"http:\/\/www.lefigaro.fr\/international\/libre-circulation-des-algeriens-ou-retour-au-droit-commun-la-vive-controverse-derriere-l-idee-de-denoncer-l-accord-de-1968-20251030\" target=\"_blank\" data-fig-type=\"Article\" rel=\"noopener\" data-gtm-custom-categorie=\"navigation\" data-gtm-custom-action=\"crossclick\" data-gtm-custom-label=\"Contextuel\" data-gtm-event=\"customEventSPE\" data-fig-domain=\"LEFIGARO\">l&rsquo;accord franco-alg\u00e9rien de 1968<\/a>. \u00abCeux qui font croire aux Fran\u00e7ais que le bras de fer et la m\u00e9thode brutale sont la seule solution, la seule issue, se trompent. \u00c7a ne marche pas, dans aucun domaine\u00bb, a d\u00e9clar\u00e9 Laurent Nu\u00f1ez au Parisien, ajoutant qu&rsquo;il regrettait \u00ables conditions dans lesquelles s&rsquo;est d\u00e9roul\u00e9 ce vote\u00bb. \u00abPreuve\u00bb de l&rsquo;inefficacit\u00e9 de cette m\u00e9thode, \u00able canal est totalement coup\u00e9 aujourd&rsquo;hui avec Alger\u00bb, a-t-il ajout\u00e9.<\/p>\n<p class=\"fig-paragraph\">Depuis son arriv\u00e9e au gouvernement, Laurent Nu\u00f1ez a soulign\u00e9 \u00e0 plusieurs reprises la n\u00e9cessit\u00e9 de renouer \u00able dialogue\u00bb avec Alger, mettant en avant les besoins de coop\u00e9ration s\u00e9curitaire notamment dans la lutte antijihadiste au Sahel. Le gel des relations entre la France et l&rsquo;Alg\u00e9rie se traduit notamment par l&rsquo;arr\u00eat total de la coop\u00e9ration migratoire, explique M. Nu\u00f1ez: \u00abL&rsquo;Alg\u00e9rie n&rsquo;accepte plus ses ressortissants en situation irr\u00e9guli\u00e8re depuis le printemps dernier\u00bb.<\/p>\n<p>                                    <a class=\"fig-a11y-skip a11y-hidden\" href=\"#fig-a11y-skip-main-inarticle\"><br \/>\n        Passer la publicit\u00e9<br \/>\n    <\/a><\/p>\n<p>Les \u00e9loignements forc\u00e9s en baisse<\/p>\n<p class=\"fig-paragraph\">En 2025, 500 \u00e9loignements forc\u00e9s vers ce pays ont pu avoir lieu \u00e0 fin octobre, contre 1400 l&rsquo;an dernier sur la m\u00eame p\u00e9riode, selon lui. Par cons\u00e9quent, les centres de r\u00e9tention administrative \u00absont occup\u00e9s \u00e0 plein\u00bb: \u00ab40% des places sont occup\u00e9es par des ressortissants alg\u00e9riens\u00bb.<\/p>\n<p class=\"fig-paragraph\">Le d\u00e9part du gouvernement du pr\u00e9c\u00e9dent ministre de l&rsquo;Int\u00e9rieur,\u00a0<a href=\"http:\/\/www.lefigaro.fr\/politique\/pour-bruno-retailleau-un-budget-plus-invotable-que-jamais-20251029\" data-fig-type=\"Article\" data-gtm-custom-categorie=\"navigation\" data-gtm-custom-action=\"crossclick\" data-gtm-custom-label=\"Contextuel\" data-gtm-event=\"customEventSPE\" data-fig-domain=\"LEFIGARO\" target=\"_blank\" rel=\"noopener\">Bruno Retailleau<\/a>, partisan d&rsquo;une ligne dure contre Alger, avait permis ces derni\u00e8res semaines d&rsquo;amorcer en coulisses des discussions entre la France et l&rsquo;Alg\u00e9rie. Mais la secousse provoqu\u00e9e par l&rsquo;adoption jeudi d&rsquo;une r\u00e9solution visant \u00e0 d\u00e9noncer la convention du 27 d\u00e9cembre 1968 entre les deux pays t\u00e9lescope les pr\u00e9mices d&rsquo;un dialogue.<\/p>\n<p class=\"fig-paragraph\">Le trait\u00e9 sign\u00e9 six ans apr\u00e8s la fin de la guerre d&rsquo;Alg\u00e9rie,\u00a0<a href=\"http:\/\/www.lefigaro.fr\/actualite-france\/immigration-l-accord-franco-algerien-de-1968-conteste-mais-ultrasensible-20220328\" data-fig-type=\"Article\" data-gtm-custom-categorie=\"navigation\" data-gtm-custom-action=\"crossclick\" data-gtm-custom-label=\"Contextuel\" data-gtm-event=\"customEventSPE\" data-fig-domain=\"LEFIGARO\" target=\"_blank\" rel=\"noopener\">cr\u00e9e un r\u00e9gime d&rsquo;immigration favorable pour les Alg\u00e9riens<\/a>, qui n&rsquo;ont pas besoin de visa sp\u00e9cifique pour rester plus de trois mois dans l&rsquo;Hexagone et acc\u00e8dent plus rapidement que les autres \u00e9trangers aux titres de s\u00e9jour pour 10 ans, y compris dans le cadre du regroupement familial. Sa d\u00e9nonciation est r\u00e9clam\u00e9e de longue date par la droite et l&rsquo;extr\u00eame droite.<\/p>\n","protected":false},"excerpt":{"rendered":"Le ministre de l\u2019Int\u00e9rieur a d\u00e9plor\u00e9 l\u2019adoption \u00e0 l\u2019Assembl\u00e9e nationale d\u2019une r\u00e9solution du RN visant \u00e0 \u00abd\u00e9noncer\u00bb l\u2019accord&hellip;\n","protected":false},"author":2,"featured_media":505393,"comment_status":"","ping_status":"","sticky":false,"template":"","format":"standard","meta":{"footnotes":""},"categories":[4],"tags":[11,15,1011,27,5454,12,25],"class_list":{"0":"post-505392","1":"post","2":"type-post","3":"status-publish","4":"format-standard","5":"has-post-thumbnail","7":"category-france","8":"tag-actualites","9":"tag-algerie","10":"tag-fr","11":"tag-france","12":"tag-laurent-nunez","13":"tag-news","14":"tag-republique-francaise"},"share_on_mastodon":{"url":"https:\/\/pubeurope.com\/@fr\/115476529424750169","error":""},"_links":{"self":[{"href":"https:\/\/www.europesays.com\/fr\/wp-json\/wp\/v2\/posts\/505392","targetHints":{"allow":["GET"]}}],"collection":[{"href":"https:\/\/www.europesays.com\/fr\/wp-json\/wp\/v2\/posts"}],"about":[{"href":"https:\/\/www.europesays.com\/fr\/wp-json\/wp\/v2\/types\/post"}],"author":[{"embeddable":true,"href":"https:\/\/www.europesays.com\/fr\/wp-json\/wp\/v2\/users\/2"}],"replies":[{"embeddable":true,"href":"https:\/\/www.europesays.com\/fr\/wp-json\/wp\/v2\/comments?post=505392"}],"version-history":[{"count":0,"href":"https:\/\/www.europesays.com\/fr\/wp-json\/wp\/v2\/posts\/505392\/revisions"}],"wp:featuredmedia":[{"embeddable":true,"href":"https:\/\/www.europesays.com\/fr\/wp-json\/wp\/v2\/media\/505393"}],"wp:attachment":[{"href":"https:\/\/www.europesays.com\/fr\/wp-json\/wp\/v2\/media?parent=505392"}],"wp:term":[{"taxonomy":"category","embeddable":true,"href":"https:\/\/www.europesays.com\/fr\/wp-json\/wp\/v2\/categories?post=505392"},{"taxonomy":"post_tag","embeddable":true,"href":"https:\/\/www.europesays.com\/fr\/wp-json\/wp\/v2\/tags?post=505392"}],"curies":[{"name":"wp","href":"https:\/\/api.w.org\/{rel}","templated":true}]}}