{"id":505404,"date":"2025-11-01T21:28:10","date_gmt":"2025-11-01T21:28:10","guid":{"rendered":"https:\/\/www.europesays.com\/fr\/505404\/"},"modified":"2025-11-01T21:28:10","modified_gmt":"2025-11-01T21:28:10","slug":"letat-nassume-pas-ses-responsabilites-accuse-michael-delafosse","status":"publish","type":"post","link":"https:\/\/www.europesays.com\/fr\/505404\/","title":{"rendered":"\u00ab\u00a0L&rsquo;\u00c9tat n&rsquo;assume pas ses responsabilit\u00e9s\u00a0\u00bb accuse Micha\u00ebl Delafosse"},"content":{"rendered":"<p>            Par<br \/>\n        <strong><br \/>\n            <a href=\"https:\/\/actu.fr\/auteur\/jm-aubert\" title=\"Consulter tous les articles de Jean-Marc Aubert\" target=\"_blank\" rel=\"noopener\">Jean-Marc Aubert<\/a><br \/>\n        <\/strong><\/p>\n<p>        Publi\u00e9 le<\/p>\n<p>            1 nov. 2025 \u00e0 19h20        <\/p>\n<p><strong>Sixi\u00e8me nuit d\u2019occupation,<\/strong> ce samedi 1er novembre 2025 au soir des nombreuses personnes, dont des enfants mineurs sur le parvis Georges Fr\u00eache, devant l\u2019h\u00f4tel de ville, dans le quartier de Port Marianne, \u00e0 <strong>Montpellier<\/strong>. Depuis lundi 27 octobre 2025,\u00a0sur la base d\u2019une d\u00e9cision de justice, la<strong> police nationale<\/strong> a proc\u00e9d\u00e9 \u00e0 l\u2019\u00e9vacuation d\u2019un squat dans le\u00a0quartier\u00a0nord\u00a0d\u2019Euromedecine.<\/p>\n<p class=\" wall-content\">Une maison que son propri\u00e9taire souhaite r\u00e9cup\u00e9rer \u00e9tait squatt\u00e9e ill\u00e9galement depuis plusieurs mois. L\u2019expulsion a \u00e9t\u00e9 r\u00e9alis\u00e9e \u00e0 la demande du pr\u00e9fet de l\u2019H\u00e9rault, \u00e0 quelques jours de la <a href=\"https:\/\/actu.fr\/societe\/la-treve-hivernale-debute-ce-samedi-1er-novembre-quels-sont-les-cas-dans-lesquels-elle-ne-s-applique-pas_63382019.html\" target=\"_blank\" rel=\"noopener\">tr\u00eave hivernale effective depuis ce samedi 1er novembre<\/a> et jusqu\u2019au 31 mars 2026, mais sous certaines conditions.<\/p>\n<p>    <a href=\"https:\/\/www.google.com\/maps\/embed?pb=!1m18!1m12!1m3!1d4201.100519038598!2d3.8950407532827156!3d43.598318264788865!2m3!1f0!2f0!3f0!3m2!1i1024!2i768!4f13.1!3m3!1m2!1s0x12b6ae016ee41ecf%3A0x43ad717412e05b44!2sH%C3%B4tel%20de%20Ville%20de%20Montpellier!5e0!3m2!1sfr!2sfr!4v1762017600185!5m2!1sfr!2sfr\" title=\"Ouvrie le lien\" target=\"_blank\" rel=\"noopener\">Cliquez ici pour visualiser le contenu<\/a><\/p>\n<p class=\" wall-content\">\u00ab\u00a0L\u2019Etat, qui dispose de la comp\u00e9tence exclusive en mati\u00e8re d\u2019h\u00e9bergement d\u2019urgence n\u2019assume pas ses responsabilit\u00e9s ; aucune solution n\u2019ayant \u00e9t\u00e9 mise en \u0153uvre, ni pour les \u00e9trangers en situation irr\u00e9guli\u00e8re, ni pour les familles avec enfants. Un dialogue continu a \u00e9t\u00e9 mis en place par\u00a0les\u00a0services\u00a0de la Ville et un diagnostic social r\u00e9alis\u00e9 par le Centre communal d\u2019action sociale, le\u00a0CCAS de\u00a0Montpellier pour accompagna un mieux ces personnes \u00e0 la rue\u00a0\u00bb, d\u00e9nonce <strong>Micha\u00ebl Delafosse<\/strong>.<\/p>\n<blockquote class=\"ac-article-quote wall-content\">\n<p>La Ville de Montpellier, avec un dialogue engag\u00e9 par Michel Calvo, \u00e9lu aux Solidarit\u00e9s, a propos\u00e9 \u00e0 l\u2019ensemble de ces familles de dormir temporairement au chaud, abrit\u00e9es dans un local g\u00e9r\u00e9 par une association caritative. Cette proposition a \u00e9t\u00e9 faite \u00e0 l&rsquo;association Solidarit\u00e9 Partag\u00e9e<\/p>\n<p>    <strong>Micha\u00ebl Delafosse<\/strong><br \/>\n        Maire de Montpellier, pr\u00e9sident de la M\u00e9tropole    <\/p><\/blockquote>\n<p class=\" wall-content\">Le maire de Montpellier,\u00a0pr\u00e9sident\u00a0de la M\u00e9tropole confirme que, \u00ab\u00a0d\u00e8s le d\u00e9but de la semaine, la Ville de Montpellier, avec un dialogue engag\u00e9 par Michel Calvo, \u00e9lu aux Solidarit\u00e9s, a propos\u00e9 \u00e0 l\u2019ensemble de ces familles de dormir temporairement au chaud, abrit\u00e9es dans un local g\u00e9r\u00e9 par une association caritative. Cette proposition a \u00e9t\u00e9 faite \u00e0 l\u2019association Solidarit\u00e9 Partag\u00e9e, aux familles, mais elle a \u00e9t\u00e9 refus\u00e9e les premiers soirs. Dans la nuit de jeudi \u00e0 ce vendredi, douze personnes ont accept\u00e9 cette option et sont all\u00e9es y dormir. En parall\u00e8le, afin d\u2019accompagner au mieux les familles, des travailleurs sociaux du CCAS de Montpellier ont r\u00e9alis\u00e9 d\u00e8s mardi un diagnostic social pour mieux connaitre leurs situations, \u00e9valuer leurs besoins et poursuivre les recherches, afin de trouver la solution de relogement la plus rapide, en collaboration \u00e9troite avec les services de l\u2019Etat, du D\u00e9partement, le milieu associatif local, le SIAO et le Samu social\u00a0\u00bb.<\/p>\n<p>Vid\u00e9os : en ce moment sur Actu<\/p>\n<p class=\" wall-content\">Selon\u00a0la Ville de Montpellier, \u00ab\u00a0ce diagnostic social permet aujourd\u2019hui une prise en charge individualis\u00e9e des personnes. Progressivement des solutions \u00e9mergent. Gr\u00e2ce au travail du CCAS de Montpellier, une femme victime de violences conjugales et sa fille ont \u00e9t\u00e9 mises \u00e0 l\u2019abri durablement d\u00e8s ce\u00a0vendredi\u00a0apr\u00e8s-midi. Une autre famille, d\u2019origine russe, dont un enfant va \u00eatre hospitalis\u00e9, sera h\u00e9berg\u00e9e dans un foyer pour \u00ab\u00a0famille enfant malade\u00a0\u00bb.\u00a0<\/p>\n<p>Votre r\u00e9gion, votre actu !<\/p>\n<p>Recevez chaque jour les infos qui comptent pour vous.<\/p>\n<p>\t<a href=\"https:\/\/actu.fr\/newsletter\" class=\"ac-btn ac-btn--corner ac-btn--medium ac-btn--blue800\" target=\"_blank\" rel=\"noopener\">S&rsquo;incrire<\/a><br \/>\n\u00ab\u00a0La protection des personnes fragiles est une priorit\u00e9\u00a0\u00bb<\/p>\n<p class=\" wall-content\">Plusieurs associations \u0153uvrent toujours avec les services de la Ville pour tenter de proposer d\u2019autres solutions d\u2019h\u00e9bergements d\u2019urgence par petits groupes. \u00ab\u00a0La protection des personnes vuln\u00e9rables\u00a0reste\u00a0une priorit\u00e9. La Ville\u00a0agit de mani\u00e8re r\u00e9solue dans la protection des populations fragiles, comme l\u2019illustrent la cr\u00e9ation de sept pensions de famille, ayant permis \u00e0 200 sans-abri de sortir de la rue, la mise \u00e0 disposition de 120 places en habitats intercalaires, la r\u00e9sorption des bidonvilles \u2013 \u00e0 l\u2019image de celui de Celleneuve et tout r\u00e9cemment celui de Maurin \u2013 ou encore la lutte contre les marchands de sommeil, qui s\u2019enrichissent sur la d\u00e9tresse humaine, alimentant les fili\u00e8res ill\u00e9gales de migrations\u00a0\u00bb, souligne le mairie.<\/p>\n<p class=\" wall-content\">Et Micha\u00ebl Delafosse d\u2019insister fermement : \u00ab\u00a0Il\u00a0appartient \u00e0 l\u2019Etat d\u2019assumer ses responsabilit\u00e9s, dans le respect du droit, en s\u2019appuyant sur les associations, dont la mission est d\u2019accompagner et prot\u00e9ger ces personnes. Nous demandons \u00e0 nouveau qu\u2019il mobilise dans les plus brefs d\u00e9lais ses moyens mat\u00e9riels et ses locaux vacants\u00a0\u00bb. Sur les r\u00e9seaux sociaux, la d\u00e9put\u00e9 LFI de la 2\u00e8me circonscription, <strong>Nathalie Oziol<\/strong> demande \u00e9galement au pr\u00e9fet de r\u00e9gler rapidement cette situation.<\/p>\n<p>    <a href=\"https:\/\/www.google.com\/maps\/embed?pb=!1m18!1m12!1m3!1d8941.093900736898!2d3.874732349346525!3d43.61149659480912!2m3!1f0!2f0!3f0!3m2!1i1024!2i768!4f13.1!3m3!1m2!1s0x12b6af080531380d%3A0x16f4e099bfadb150!2sPr%C3%A9fecture%20de%20l%27H%C3%A9rault!5e0!3m2!1sfr!2sfr!4v1762017645972!5m2!1sfr!2sfr\" title=\"Ouvrie le lien\" target=\"_blank\" rel=\"noopener\">Cliquez ici pour visualiser le contenu<\/a><\/p>\n<p class=\" wall-content\">Ce samedi, \u00e0 11h, quelque 200 responsables d\u2019associations, de syndicats, d\u2019habitants, d\u2019\u00e9lus locaux et d\u00e9partementaux qui se mobilisent pour sortir ces expuls\u00e9s de la rue ont tenu \u00e0 se rassembler devant la pr\u00e9fecture de l\u2019H\u00e9rault, en pr\u00e9sence de quelques enfants, emp\u00each\u00e9s de dormir au chaud sous des tentes du campement de fortune que les forces de police ont fait d\u00e9monter l\u2019autre soir.<\/p>\n<p class=\" wall-content\">\u00ab\u00a0On pensait obtenir de l\u2019aide plus rapidement, mais on observe une r\u00e9elle volont\u00e9 de la pr\u00e9fecture de ne pas reloger ces personnes qui ne sont pas toutes sous OQTF\u00a0\u00bb, a lanc\u00e9 Samuel Forest, responsable de l\u2019association Solidarit\u00e9 Partag\u00e9e, sous les fen\u00eatres du pr\u00e9fet.<\/p>\n<p class=\" wall-content\">Personnalisez votre actualit\u00e9 en ajoutant vos villes et m\u00e9dias en favori avec <a href=\"https:\/\/moncompte.actu.fr\" title=\"D\u00e9couvez Mon Actu\" rel=\"nofollow noopener\" data-trk=\"{&quot;cta&quot;:{&quot;action&quot;:&quot;https:\\\/\\\/moncompte.actu.fr&quot;,&quot;category&quot;:&quot;mon compte&quot;,&quot;from&quot;:&quot;article footer&quot;,&quot;name&quot;:&quot;Mon actu&quot;,&quot;type&quot;:&quot;cta&quot;}}\" target=\"_blank\">Mon Actu<\/a>.<\/p>\n","protected":false},"excerpt":{"rendered":"Par Jean-Marc Aubert Publi\u00e9 le 1 nov. 2025 \u00e0 19h20 Sixi\u00e8me nuit d\u2019occupation, ce samedi 1er novembre 2025&hellip;\n","protected":false},"author":2,"featured_media":505405,"comment_status":"","ping_status":"","sticky":false,"template":"","format":"standard","meta":{"footnotes":""},"categories":[9599],"tags":[1111,11,1719,1777,674,652,1011,27,56922,2208,12,2680,25,104],"class_list":{"0":"post-505404","1":"post","2":"type-post","3":"status-publish","4":"format-standard","5":"has-post-thumbnail","7":"category-montpellier","8":"tag-actu","9":"tag-actualites","10":"tag-enfants","11":"tag-eu","12":"tag-europe","13":"tag-famille","14":"tag-fr","15":"tag-france","16":"tag-gouvernement-lecornu","17":"tag-montpellier","18":"tag-news","19":"tag-occitanie","20":"tag-republique-francaise","21":"tag-societe"},"share_on_mastodon":{"url":"https:\/\/pubeurope.com\/@fr\/115476568758459910","error":""},"_links":{"self":[{"href":"https:\/\/www.europesays.com\/fr\/wp-json\/wp\/v2\/posts\/505404","targetHints":{"allow":["GET"]}}],"collection":[{"href":"https:\/\/www.europesays.com\/fr\/wp-json\/wp\/v2\/posts"}],"about":[{"href":"https:\/\/www.europesays.com\/fr\/wp-json\/wp\/v2\/types\/post"}],"author":[{"embeddable":true,"href":"https:\/\/www.europesays.com\/fr\/wp-json\/wp\/v2\/users\/2"}],"replies":[{"embeddable":true,"href":"https:\/\/www.europesays.com\/fr\/wp-json\/wp\/v2\/comments?post=505404"}],"version-history":[{"count":0,"href":"https:\/\/www.europesays.com\/fr\/wp-json\/wp\/v2\/posts\/505404\/revisions"}],"wp:featuredmedia":[{"embeddable":true,"href":"https:\/\/www.europesays.com\/fr\/wp-json\/wp\/v2\/media\/505405"}],"wp:attachment":[{"href":"https:\/\/www.europesays.com\/fr\/wp-json\/wp\/v2\/media?parent=505404"}],"wp:term":[{"taxonomy":"category","embeddable":true,"href":"https:\/\/www.europesays.com\/fr\/wp-json\/wp\/v2\/categories?post=505404"},{"taxonomy":"post_tag","embeddable":true,"href":"https:\/\/www.europesays.com\/fr\/wp-json\/wp\/v2\/tags?post=505404"}],"curies":[{"name":"wp","href":"https:\/\/api.w.org\/{rel}","templated":true}]}}