{"id":505406,"date":"2025-11-01T21:29:11","date_gmt":"2025-11-01T21:29:11","guid":{"rendered":"https:\/\/www.europesays.com\/fr\/505406\/"},"modified":"2025-11-01T21:29:11","modified_gmt":"2025-11-01T21:29:11","slug":"simon-gauzy-sarrete-en-quart-a-montpellier","status":"publish","type":"post","link":"https:\/\/www.europesays.com\/fr\/505406\/","title":{"rendered":"Simon Gauzy s\u2019arr\u00eate en quart \u00e0 Montpellier"},"content":{"rendered":"<p>Il n\u2019y aura pas eu de nouvel exploit pour Simon Gauzy. Tombeur de F\u00e9lix Lebrun au tour pr\u00e9c\u00e9dent, le Fran\u00e7ais a \u00e9t\u00e9 stopp\u00e9 en quarts de finale du WTT Champions de Montpellier, samedi 1er\u00a0novembre 2025, battu quatre sets \u00e0 un par le Japonais Sora Matsushima (13-11, 4-11, 11-9, 11-4, 11-7).<\/p>\n<p>Gauzy (17e mondial), qui avait domin\u00e9 en huiti\u00e8mes de finale le cadet des fr\u00e8res Lebrun, tenant du titre de ce tournoi appartenant au deuxi\u00e8me niveau mondial, a trop souvent couru apr\u00e8s le score face au jeune champion du Japon, \u00e2g\u00e9 de 18\u00a0ans (15e mondial). \u00ab\u00a0Il a vraiment d\u00e9roul\u00e9, \u00e7a a \u00e9t\u00e9 compliqu\u00e9 de tenir. C\u2019est un monstre\u00a0\u00bb, a r\u00e9agi le Toulousain de 31\u00a0ans aupr\u00e8s de RMC Sport.<\/p>\n<p>Face au bon service de Sora Matsushima, Gauzy s\u2019est accroch\u00e9 lors de la premi\u00e8re manche, sauvant quatre balles de set avant de s\u2019incliner 13-11.\u00a0Une nouvelle fois solide en d\u00e9fense dans le 2e acte, il a pris pour la premi\u00e8re fois du match l\u2019avantage au score \u00e0 4-3, son adversaire craquant dans la foul\u00e9e dans un set rondement men\u00e9 par l\u2019exp\u00e9riment\u00e9 Fran\u00e7ais (11-4).<\/p>\n<p>\u00ab\u00a0J&rsquo;en ai pris plein la tronche pendant les deux derniers sets\u00a0\u00bb<\/p>\n<p>Apr\u00e8s une troisi\u00e8me manche tr\u00e8s disput\u00e9e mais remport\u00e9e par le Japonais, Gauzy a baiss\u00e9 de rythme dans les deux derniers sets, multipliant les fautes directes. Et s\u2019il a repouss\u00e9 l\u2019\u00e9ch\u00e9ance en sauvant trois balles de match, il s\u2019est finalement logiquement inclin\u00e9 sur la quatri\u00e8me. \u00ab\u00a0Il y a quelques petits regrets sur le premier et le troisi\u00e8me sets, mais aucun des deux ne tourne en ma faveur, a reconnu Gauzy aupr\u00e8s de <a target=\"_self\" href=\"https:\/\/www.lequipe.fr\/Tennis-de-table\/Actualites\/Simon-gauzy-elimine-par-sora-matsushima-en-quarts-de-finale-du-wtt-champions-de-montpellier\/1606415\" rel=\"noopener\">L\u2019\u00c9quipe<\/a>. Et dans le troisi\u00e8me, j\u2019avais le contr\u00f4le, mais apr\u00e8s, il m\u2019a un peu assomm\u00e9\u2026 C\u2019est pour \u00e7a que je suis un peu sous le choc pour le moment, parce que j\u2019en ai pris plein la tronche pendant les deux derniers sets.\u00a0\u00bb<\/p>\n<p>Malgr\u00e9 cette d\u00e9faite, Gauzy a r\u00e9alis\u00e9 une excellente saison, avec en point d\u2019orgue <a target=\"_self\" href=\"https:\/\/www.lanouvellerepublique.fr\/sports\/les-lebrun-et-gauzy-champions-d-europe-par-equipes-1760895451\" rel=\"noopener\">le titre europ\u00e9en par \u00e9quipes<\/a> aux c\u00f4t\u00e9s des fr\u00e8res Lebrun mais aussi une demi-finale de Grand Smash \u2013 le plus haut niveau international \u2013 en Su\u00e8de.<\/p>\n<p>Il a aussi connu une progression fulgurante au classement mondial, passant de la 60e position fin mars \u00e0 la 17e actuellement. \u00ab\u00a0Juste merci. \u00c7a restera, malgr\u00e9 la d\u00e9faite, un moment fabuleux, l\u2019un des plus beaux que j\u2019ai v\u00e9cu\u00a0\u00bb, a conclu le Fran\u00e7ais sur ses r\u00e9seaux sociaux.<\/p>\n","protected":false},"excerpt":{"rendered":"Il n\u2019y aura pas eu de nouvel exploit pour Simon Gauzy. Tombeur de F\u00e9lix Lebrun au tour pr\u00e9c\u00e9dent,&hellip;\n","protected":false},"author":2,"featured_media":505407,"comment_status":"","ping_status":"","sticky":false,"template":"","format":"standard","meta":{"footnotes":""},"categories":[9599],"tags":[1111,11,1777,674,1011,27,2208,12,2680,25,60,16149],"class_list":{"0":"post-505406","1":"post","2":"type-post","3":"status-publish","4":"format-standard","5":"has-post-thumbnail","7":"category-montpellier","8":"tag-actu","9":"tag-actualites","10":"tag-eu","11":"tag-europe","12":"tag-fr","13":"tag-france","14":"tag-montpellier","15":"tag-news","16":"tag-occitanie","17":"tag-republique-francaise","18":"tag-sports","19":"tag-tennis-de-table"},"share_on_mastodon":{"url":"https:\/\/pubeurope.com\/@fr\/115476572540471543","error":""},"_links":{"self":[{"href":"https:\/\/www.europesays.com\/fr\/wp-json\/wp\/v2\/posts\/505406","targetHints":{"allow":["GET"]}}],"collection":[{"href":"https:\/\/www.europesays.com\/fr\/wp-json\/wp\/v2\/posts"}],"about":[{"href":"https:\/\/www.europesays.com\/fr\/wp-json\/wp\/v2\/types\/post"}],"author":[{"embeddable":true,"href":"https:\/\/www.europesays.com\/fr\/wp-json\/wp\/v2\/users\/2"}],"replies":[{"embeddable":true,"href":"https:\/\/www.europesays.com\/fr\/wp-json\/wp\/v2\/comments?post=505406"}],"version-history":[{"count":0,"href":"https:\/\/www.europesays.com\/fr\/wp-json\/wp\/v2\/posts\/505406\/revisions"}],"wp:featuredmedia":[{"embeddable":true,"href":"https:\/\/www.europesays.com\/fr\/wp-json\/wp\/v2\/media\/505407"}],"wp:attachment":[{"href":"https:\/\/www.europesays.com\/fr\/wp-json\/wp\/v2\/media?parent=505406"}],"wp:term":[{"taxonomy":"category","embeddable":true,"href":"https:\/\/www.europesays.com\/fr\/wp-json\/wp\/v2\/categories?post=505406"},{"taxonomy":"post_tag","embeddable":true,"href":"https:\/\/www.europesays.com\/fr\/wp-json\/wp\/v2\/tags?post=505406"}],"curies":[{"name":"wp","href":"https:\/\/api.w.org\/{rel}","templated":true}]}}