{"id":505408,"date":"2025-11-01T21:31:28","date_gmt":"2025-11-01T21:31:28","guid":{"rendered":"https:\/\/www.europesays.com\/fr\/505408\/"},"modified":"2025-11-01T21:31:28","modified_gmt":"2025-11-01T21:31:28","slug":"rouen-renverse-villefranche-et-fait-le-break-en-tete","status":"publish","type":"post","link":"https:\/\/www.europesays.com\/fr\/505408\/","title":{"rendered":"Rouen renverse Villefranche et fait le break en t\u00eate"},"content":{"rendered":"<p>Que la victoire a \u00e9t\u00e9 compliqu\u00e9e \u00e0 aller chercher pour les locaux ! Ce samedi apr\u00e8s-midi, le FC Rouen recevait effectivement le FC Villefranche-Beaujolais dans le cadre de la douzi\u00e8me journ\u00e9e de National. Un match de cl\u00f4ture qui a vu le leader s\u2019imposer sur le score de deux buts \u00e0 un et ainsi faire le break au classement. Babacar Leye a ouvert le score d\u00e8s la 19\u00e8me minute de jeu pour les Tigres Caladois, alors que Charles Abi a remis les compteurs \u00e0 z\u00e9ro juste avant la mi-temps. En fin de match, Amadou Ba-Sy a pris les choses en mains pour offrir la victoire \u00e0 sa formation, qui prend sept points d\u2019avance sur ses poursuivants malgr\u00e9 un match suppl\u00e9mentaire disput\u00e9. Le FCVB est quatorzi\u00e8me.<\/p>\n<p>Le FCR s\u2019est fait peur<\/p>\n<p>La rencontre va d\u00e9marrer sur un tout petit rythme. Il faut attendre la douzi\u00e8me minute de jeu pour assister \u00e0 la premi\u00e8re frayeur sur la pelouse du stade Robert Diochon. Le FC Villefranche-Beaujolais attaque mais Bouzamoucha est solide pour tacler in extremis devant Nagera dans la surface rouennaise. \u00c0 la 19\u00e8me minute, les Tigres vont ouvrir le score. Sur un centre magnifique de Hamza Sba\u00ef, Babacar Leye reprend en une touche et permet au FCVB d\u2019ouvrir le score.\u00a0<\/p>\n<p>Le FC Rouen va tenter de revenir, petit \u00e0 petit, dans le jeu. \u00c0 la 34\u00e8me minute de jeu, Ba-Sy remonte tout le terrain et tire \u00e0 l&rsquo;entr\u00e9e de la surface mais bute sur le gardien de but adverse. Les Diables Rouges mettent la pression sur leurs invit\u00e9s et vont parvenir \u00e0 \u00e9galiser juste avant la mi-temps sur une r\u00e9alisation de Charles Abi. Dans la foul\u00e9e, Cl\u00e9ment Bassin va se retrouver seul dans les six m\u00e8tres mais va, contre toute-attente, manquer le cadre. Quelle occasion pour les locaux.\u00a0<\/p>\n<p>\u2026 mais le FCR a bien gagn\u00e9 !<\/p>\n<p>Le match va red\u00e9marrer de la m\u00eame mani\u00e8re qu\u2019il avait commenc\u00e9 : assez timidement. Les deux formations n\u2019arrivent pas \u00e0 se d\u00e9partager, poussant R\u00e9gis Brouard et Fabien Pujo \u00e0 r\u00e9aliser quelques changements afin de tenter de d\u00e9bloquer le sc\u00e9nario. \u00c0 la 69\u00e8me minute de jeu, Amadou Ba-Sy va tenter sa chance apr\u00e8s un d\u00e9calage de Charles Abi mais la d\u00e9fense beaujolais va contrer l\u2019offensive rouennaise. Les Diables Rouges vont faire le si\u00e8ge des derniers m\u00e8tres adverses en fin de match, bien pouss\u00e9s par leurs supporters. \u00c0 la 84\u00e8me minute de jeu, le FC Rouen va enfin prendre l\u2019avantage pour la premi\u00e8re fois de ce samedi. Ba-Sy repique dans l\u2019axe avant d\u2019envoyer une frappe puissante au ras-du-sol en angle ferm\u00e9. Imparable pour le dernier-rempart du FC Villefranche-Beaujolais. Mais les locaux n\u2019ont pas dit leur dernier mot. \u00c0 l\u2019entr\u00e9e du temps additionnel, les Tigres vont s\u2019offrir l\u2019occasion de revenir \u00e0 deux buts partout mais vont buter sur un arr\u00eat exceptionnel d\u2019Axel Temperton. Le score ne bougera plus. \u00a0<\/p>\n<p>Partagez cette info avec vos amis et vos proches en cliquant ici<br \/>Pour r\u00e9sumer<\/p>\n<p>Que la victoire a \u00e9t\u00e9 compliqu\u00e9e \u00e0 aller chercher pour les locaux ! Ce samedi apr\u00e8s-midi, le FC Rouen recevait effectivement le FC Villefranche-Beaujolais dans le cadre de la douzi\u00e8me journ\u00e9e de National. Un match de cl\u00f4ture qui a vu le leader s\u2019imposer sur le score de deux buts \u00e0 un et ainsi faire le break au classement.<\/p>\n<p> <img decoding=\"async\" width=\"76\" height=\"76\" loading=\"lazy\" src=\"https:\/\/static.wui.fr\/images_v3\/avatar-footnational.png\" alt=\"Youcef Ghalaza-Boudra\"\/><\/p>\n","protected":false},"excerpt":{"rendered":"Que la victoire a \u00e9t\u00e9 compliqu\u00e9e \u00e0 aller chercher pour les locaux ! Ce samedi apr\u00e8s-midi, le FC&hellip;\n","protected":false},"author":2,"featured_media":505409,"comment_status":"","ping_status":"","sticky":false,"template":"","format":"standard","meta":{"footnotes":""},"categories":[9587],"tags":[1111,11,1777,674,1011,27,59645,12,5161,25,9590],"class_list":{"0":"post-505408","1":"post","2":"type-post","3":"status-publish","4":"format-standard","5":"has-post-thumbnail","7":"category-rouen","8":"tag-actu","9":"tag-actualites","10":"tag-eu","11":"tag-europe","12":"tag-fr","13":"tag-france","14":"tag-national-actus","15":"tag-news","16":"tag-normandie","17":"tag-republique-francaise","18":"tag-rouen"},"share_on_mastodon":{"url":"https:\/\/pubeurope.com\/@fr\/115476581068729561","error":""},"_links":{"self":[{"href":"https:\/\/www.europesays.com\/fr\/wp-json\/wp\/v2\/posts\/505408","targetHints":{"allow":["GET"]}}],"collection":[{"href":"https:\/\/www.europesays.com\/fr\/wp-json\/wp\/v2\/posts"}],"about":[{"href":"https:\/\/www.europesays.com\/fr\/wp-json\/wp\/v2\/types\/post"}],"author":[{"embeddable":true,"href":"https:\/\/www.europesays.com\/fr\/wp-json\/wp\/v2\/users\/2"}],"replies":[{"embeddable":true,"href":"https:\/\/www.europesays.com\/fr\/wp-json\/wp\/v2\/comments?post=505408"}],"version-history":[{"count":0,"href":"https:\/\/www.europesays.com\/fr\/wp-json\/wp\/v2\/posts\/505408\/revisions"}],"wp:featuredmedia":[{"embeddable":true,"href":"https:\/\/www.europesays.com\/fr\/wp-json\/wp\/v2\/media\/505409"}],"wp:attachment":[{"href":"https:\/\/www.europesays.com\/fr\/wp-json\/wp\/v2\/media?parent=505408"}],"wp:term":[{"taxonomy":"category","embeddable":true,"href":"https:\/\/www.europesays.com\/fr\/wp-json\/wp\/v2\/categories?post=505408"},{"taxonomy":"post_tag","embeddable":true,"href":"https:\/\/www.europesays.com\/fr\/wp-json\/wp\/v2\/tags?post=505408"}],"curies":[{"name":"wp","href":"https:\/\/api.w.org\/{rel}","templated":true}]}}