{"id":505412,"date":"2025-11-01T21:33:21","date_gmt":"2025-11-01T21:33:21","guid":{"rendered":"https:\/\/www.europesays.com\/fr\/505412\/"},"modified":"2025-11-01T21:33:21","modified_gmt":"2025-11-01T21:33:21","slug":"grenoble-on-a-bien-travaille-pour-un-premier-jour-lancement-reussi-a-la-foire-de-grenoble","status":"publish","type":"post","link":"https:\/\/www.europesays.com\/fr\/505412\/","title":{"rendered":"Grenoble. \u00ab\u00a0On a bien travaill\u00e9 pour un premier jour\u00a0\u00bb\u00a0:\u00a0lancement r\u00e9ussi \u00e0 la Foire de Grenoble"},"content":{"rendered":"<p>Trois cent cinquante artisans, commer\u00e7ants et institutions des secteurs de la mode, de l\u2019automobile, de la d\u00e9coration ou encore de la gastronomie ont pris leurs quartiers dans les halles d\u2019Alpexpo, et ont entam\u00e9 les 11 jours de la Foire de Grenoble ce 1er\u00a0novembre. Une premi\u00e8re journ\u00e9e salu\u00e9e par les exposants comme par les visiteurs.<\/p>\n<p>La mine enthousiaste de cet architecte d\u2019int\u00e9rieur is\u00e9rois, concentr\u00e9 \u00e0 remplir des fiches de commandes, exprime son ressenti. \u00ab\u00a0On a bien travaill\u00e9 pour un premier jour, reconna\u00eet Beno\u00eet, qui a d\u00e9localis\u00e9 ses bureaux de Marcilloles \u00e0 Grenoble le temps de l\u2019\u00e9v\u00e9nement. C\u2019est s\u00fbrement li\u00e9 au fait que cela commence un samedi, non un vendredi comme les ann\u00e9es pr\u00e9c\u00e9dentes. C\u2019est plus encourageant.\u00a0\u00bb<\/p>\n<p>Ce contenu est bloqu\u00e9 car vous n&rsquo;avez pas accept\u00e9 les cookies et autres traceurs.<\/p>\n<p>En cliquant sur \u00ab J\u2019accepte \u00bb, les cookies et autres traceurs seront d\u00e9pos\u00e9s et vous pourrez visualiser les contenus  (<a href=\"\" class=\"consentModule_policy\" target=\"_blank\" title=\"Consulter la politique de protection des donn\u00e9es du fournisseur\">plus d&rsquo;informations<\/a>).<\/p>\n<p>En cliquant sur \u00ab J\u2019accepte tous les cookies \u00bb, vous autorisez des d\u00e9p\u00f4ts de cookies et autres traceurs pour le stockage de vos donn\u00e9es sur nos sites et applications \u00e0 des fins de personnalisation et de ciblage publicitaire.<\/p>\n<p class=\"consentModule_secondaryText\">Vous gardez la possibilit\u00e9 de retirer votre consentement \u00e0 tout moment en consultant notre <a href=\"https:\/\/www.ledauphine.com\/protection-des-donnees\" target=\"_blank\" title=\"Consulter notre politique de protection des donn\u00e9es\" rel=\"noopener\">politique de protection des donn\u00e9es<\/a>. <br \/>&#13;<br \/>\n            <a href=\"https:\/\/www.ledauphine.com\/culture-loisirs\/2025\/11\/01\/javascript:Didomi.notice.show()\" class=\"consentModule_cmp\" target=\"_blank\" rel=\"noopener\">G\u00e9rer mes choix<\/a>&#13;\n        <\/p>\n<p>&#13;<br \/>\n                        J&rsquo;accepte&#13;<br \/>\n            J&rsquo;accepte tous les cookies&#13;\n        <\/p>\n<p>Dans la halle r\u00e9serv\u00e9e \u00e0 la gastronomie, Jean-Fran\u00e7ois Giovannoni n\u2019a pas le temps de profiter du concert qui rythme l\u2019ambiance de cette premi\u00e8re journ\u00e9e. En compagnie de sa femme, il est d\u00e9j\u00e0 aux fourneaux depuis \u00ab\u00a0tr\u00e8s t\u00f4t\u00a0\u00bb ce samedi matin. \u00ab\u00a0C\u2019est toujours pareil ici, il n\u2019y a que moi qui vieillis\u00a0\u00bb, s\u2019enthousiasme le restaurateur de sp\u00e9cialit\u00e9s corses, venu tout droit des hauteurs de Bastia, ravi de retrouver la Foire de Grenoble pour la vingti\u00e8me ann\u00e9e cons\u00e9cutive.<\/p>\n<p>Dans le stand aux allures de chalet, les vendeurs de skis d\u2019un magasin de Saint-Martin-d\u2019H\u00e8res partagent le m\u00eame constat. \u00ab\u00a0On a ajout\u00e9 des animations cette ann\u00e9e, on voit d\u00e9j\u00e0 que \u00e7a pla\u00eet beaucoup aux clients\u00a0\u00bb, r\u00e9sument Allan et Marine.<\/p>\n<p>  \u00ab\u00a0Un moment qu\u2019on ne rate pas en famille\u00a0\u00bb<\/p>\n<p>C\u00f4t\u00e9 visiteurs, les avis sont moins emphatiques mais restent positifs. \u00ab\u00a0Je ne voyais \u00e7a qu\u2019\u00e0 la t\u00e9l\u00e9 jusque-l\u00e0. On n\u2019est pas habitu\u00e9s \u00e0 voir autant de monde d\u2019un coup, pr\u00e9cise Iris, une trentenaire venue avec deux amis depuis Autrans. Je ne savais pas qu\u2019il y avait un festival de jeux de soci\u00e9t\u00e9. On serait venus plus t\u00f4t sinon.\u00a0\u00bb<\/p>\n<p>Une heure apr\u00e8s son arriv\u00e9e, Carine est tomb\u00e9e sous le charme de <a href=\"https:\/\/www.ledauphine.com\/culture-loisirs\/2025\/10\/14\/isere-grenoble-les-annees-60-s-invitent-a-la-foire-de-grenoble\" target=\"_blank\" rel=\"noopener\">l\u2019exposition Sixties, Pop &amp; R\u00e9tro qui retrace la France des ann\u00e9es 1960<\/a>. \u00ab\u00a0C\u2019\u00e9tait super \u00e0 faire avec les enfants, confie cette m\u00e8re de famille de 48 ans, venue de Vizille. Je viens chaque ann\u00e9e, c\u2019est un moment qu\u2019on ne rate pas en famille.\u00a0\u00bb<\/p>\n<p>Pour ce couple de sexag\u00e9naires grenoblois, la Foire de Grenoble est l\u2019occasion de voir les commer\u00e7ants \u201cen vrai\u201d. \u00ab\u00a0Par exp\u00e9rience, on est toujours d\u00e9\u00e7us quand on ach\u00e8te sur internet, partage Christine. Ici on entretient le lien humain avec les commer\u00e7ants.\u00a0\u00bb<\/p>\n<p>L\u2019\u00e9dition 2025 de la Foire de Grenoble fermera ses portes le 11\u00a0novembre.<\/p>\n","protected":false},"excerpt":{"rendered":"Trois cent cinquante artisans, commer\u00e7ants et institutions des secteurs de la mode, de l\u2019automobile, de la d\u00e9coration ou&hellip;\n","protected":false},"author":2,"featured_media":505413,"comment_status":"","ping_status":"","sticky":false,"template":"","format":"standard","meta":{"footnotes":""},"categories":[9566],"tags":[1111,11,2430,4406,1687,33,112,1777,674,1685,1011,27,2731,2732,108,12,25],"class_list":{"0":"post-505412","1":"post","2":"type-post","3":"status-publish","4":"format-standard","5":"has-post-thumbnail","7":"category-grenoble","8":"tag-actu","9":"tag-actualites","10":"tag-auvergne-rhone-alpes","11":"tag-commerce-et-services","12":"tag-culture-loisirs","13":"tag-economie","14":"tag-edition-grenoble-agglomeration","15":"tag-eu","16":"tag-europe","17":"tag-foire-et-salon","18":"tag-fr","19":"tag-france","20":"tag-grenoble","21":"tag-grenoble-bassin","22":"tag-isere","23":"tag-news","24":"tag-republique-francaise"},"share_on_mastodon":{"url":"https:\/\/pubeurope.com\/@fr\/115476588376812463","error":""},"_links":{"self":[{"href":"https:\/\/www.europesays.com\/fr\/wp-json\/wp\/v2\/posts\/505412","targetHints":{"allow":["GET"]}}],"collection":[{"href":"https:\/\/www.europesays.com\/fr\/wp-json\/wp\/v2\/posts"}],"about":[{"href":"https:\/\/www.europesays.com\/fr\/wp-json\/wp\/v2\/types\/post"}],"author":[{"embeddable":true,"href":"https:\/\/www.europesays.com\/fr\/wp-json\/wp\/v2\/users\/2"}],"replies":[{"embeddable":true,"href":"https:\/\/www.europesays.com\/fr\/wp-json\/wp\/v2\/comments?post=505412"}],"version-history":[{"count":0,"href":"https:\/\/www.europesays.com\/fr\/wp-json\/wp\/v2\/posts\/505412\/revisions"}],"wp:featuredmedia":[{"embeddable":true,"href":"https:\/\/www.europesays.com\/fr\/wp-json\/wp\/v2\/media\/505413"}],"wp:attachment":[{"href":"https:\/\/www.europesays.com\/fr\/wp-json\/wp\/v2\/media?parent=505412"}],"wp:term":[{"taxonomy":"category","embeddable":true,"href":"https:\/\/www.europesays.com\/fr\/wp-json\/wp\/v2\/categories?post=505412"},{"taxonomy":"post_tag","embeddable":true,"href":"https:\/\/www.europesays.com\/fr\/wp-json\/wp\/v2\/tags?post=505412"}],"curies":[{"name":"wp","href":"https:\/\/api.w.org\/{rel}","templated":true}]}}