{"id":505414,"date":"2025-11-01T21:34:12","date_gmt":"2025-11-01T21:34:12","guid":{"rendered":"https:\/\/www.europesays.com\/fr\/505414\/"},"modified":"2025-11-01T21:34:12","modified_gmt":"2025-11-01T21:34:12","slug":"80-exposants-attendus-pour-la-foire-aux-disques-place-des-lices-a-rennes","status":"publish","type":"post","link":"https:\/\/www.europesays.com\/fr\/505414\/","title":{"rendered":"80\u00a0exposants attendus pour la foire aux disques place des Lices \u00e0 Rennes"},"content":{"rendered":"<p>Ce dimanche 2\u00a0novembre 2025, la 53e foire aux disques investit la halle Martenot, place des Lices \u00e0 Rennes. Organis\u00e9e par Banana Juice et le label Les Enrag\u00e9s Prod, l\u2019\u00e9v\u00e9nement rassemble 80\u00a0exposants de toute la France, pr\u00e9sents \u00e0 cette foire, consid\u00e9r\u00e9e comme la cinqui\u00e8me au niveau national.<\/p>\n<p><strong>Lire aussi\u00a0:<\/strong> <a href=\"https:\/\/rennes.maville.com\/actu\/actudet_-a-rennes-ce-sont-encore-des-stars-il-y-a-30-ans-ces-momes-du-blosne-ont-fait-un-tube-_52674-7044306_actu.Htm\" rel=\"nofollow noopener\" target=\"_blank\">\u00c0 Rennes, ce sont encore des stars\u00a0: il y a 30\u00a0ans, ces m\u00f4mes du Blosne ont fait un tube<\/a><\/p>\n<p>\u00c0 chaque \u00e9dition, 1\u00a0000\u00a0visiteurs arpentent les stands \u00e0 la recherche de la perle rare. CD, BD, cassettes, mais surtout des vinyles en 33 ou 45\u00a0tours. Depuis plusieurs ann\u00e9es, aux traditionnels collectionneurs s\u2019ajoute un nouveau public. Aujourd\u2019hui, de nombreux artistes utilisent le support vinyle. Ce qui am\u00e8ne une g\u00e9n\u00e9ration de nouveaux acheteurs. Du rock au blues, en passant par le reggae ou le metal, les propositions sont vari\u00e9es, tout comme les prix, pour int\u00e9resser le plus grand monde.<\/p>\n<p><strong>Ce dimanche 2\u00a0novembre 2025,<\/strong> de 9\u00a0h \u00e0 18\u00a0h, halle Martenot, place des Lices \u00e0 Rennes. Prix d\u2019entr\u00e9e\u00a0: 2,50\u00a0\u20ac.<\/p>\n<p>\u00a0<\/p>\n","protected":false},"excerpt":{"rendered":"Ce dimanche 2\u00a0novembre 2025, la 53e foire aux disques investit la halle Martenot, place des Lices \u00e0 Rennes.&hellip;\n","protected":false},"author":2,"featured_media":505415,"comment_status":"","ping_status":"","sticky":false,"template":"","format":"standard","meta":{"footnotes":""},"categories":[2821],"tags":[14062,1111,11,17144,829,62688,1777,674,15330,4434,1011,27,35236,12,5536,3086,584,25],"class_list":{"0":"post-505414","1":"post","2":"type-post","3":"status-publish","4":"format-standard","5":"has-post-thumbnail","7":"category-rennes","8":"tag-14062","9":"tag-actu","10":"tag-actualites","11":"tag-attendus","12":"tag-bretagne","13":"tag-disques","14":"tag-eu","15":"tag-europe","16":"tag-exposants","17":"tag-foire","18":"tag-fr","19":"tag-france","20":"tag-lices","21":"tag-news","22":"tag-place","23":"tag-redon","24":"tag-rennes","25":"tag-republique-francaise"},"share_on_mastodon":{"url":"https:\/\/pubeurope.com\/@fr\/115476592314441438","error":""},"_links":{"self":[{"href":"https:\/\/www.europesays.com\/fr\/wp-json\/wp\/v2\/posts\/505414","targetHints":{"allow":["GET"]}}],"collection":[{"href":"https:\/\/www.europesays.com\/fr\/wp-json\/wp\/v2\/posts"}],"about":[{"href":"https:\/\/www.europesays.com\/fr\/wp-json\/wp\/v2\/types\/post"}],"author":[{"embeddable":true,"href":"https:\/\/www.europesays.com\/fr\/wp-json\/wp\/v2\/users\/2"}],"replies":[{"embeddable":true,"href":"https:\/\/www.europesays.com\/fr\/wp-json\/wp\/v2\/comments?post=505414"}],"version-history":[{"count":0,"href":"https:\/\/www.europesays.com\/fr\/wp-json\/wp\/v2\/posts\/505414\/revisions"}],"wp:featuredmedia":[{"embeddable":true,"href":"https:\/\/www.europesays.com\/fr\/wp-json\/wp\/v2\/media\/505415"}],"wp:attachment":[{"href":"https:\/\/www.europesays.com\/fr\/wp-json\/wp\/v2\/media?parent=505414"}],"wp:term":[{"taxonomy":"category","embeddable":true,"href":"https:\/\/www.europesays.com\/fr\/wp-json\/wp\/v2\/categories?post=505414"},{"taxonomy":"post_tag","embeddable":true,"href":"https:\/\/www.europesays.com\/fr\/wp-json\/wp\/v2\/tags?post=505414"}],"curies":[{"name":"wp","href":"https:\/\/api.w.org\/{rel}","templated":true}]}}