{"id":505420,"date":"2025-11-01T21:37:16","date_gmt":"2025-11-01T21:37:16","guid":{"rendered":"https:\/\/www.europesays.com\/fr\/505420\/"},"modified":"2025-11-01T21:37:16","modified_gmt":"2025-11-01T21:37:16","slug":"water-polo-le-team-strasbourg-netait-pas-loin-a-marseille","status":"publish","type":"post","link":"https:\/\/www.europesays.com\/fr\/505420\/","title":{"rendered":"Water-polo. Le Team Strasbourg n\u2019\u00e9tait pas loin \u00e0 Marseille"},"content":{"rendered":"<p>Oppos\u00e9 \u00e0 Strasbourg, leader du championnat (avec deux matches de plus), le Cercle des Nageurs n\u2019est pas pass\u00e9 loin de la correctionnelle. Un sommet du championnat de France disput\u00e9 sur un faux rythme o\u00f9 tout s\u2019est emball\u00e9 sur la fin.<\/p>\n<p>Pourtant, jusqu\u2019au dernier quart-temps, jamais les Alsaciens n\u2019ont sembl\u00e9 repr\u00e9senter une grande menace.<\/p>\n<p>Certes, les joueurs d\u2019Olivier Chandieu n\u2019ont jamais \u00e9t\u00e9 ridicules, ni \u00e9t\u00e9 d\u00e9croch\u00e9s au tableau d\u2019affichage. Mais on se disait que, comme \u00e0 son habitude, le Cercle des Nageurs de Marseille allait finir par&#8230;<\/p>\n","protected":false},"excerpt":{"rendered":"Oppos\u00e9 \u00e0 Strasbourg, leader du championnat (avec deux matches de plus), le Cercle des Nageurs n\u2019est pas pass\u00e9&hellip;\n","protected":false},"author":2,"featured_media":505421,"comment_status":"","ping_status":"","sticky":false,"template":"","format":"standard","meta":{"footnotes":""},"categories":[2820],"tags":[1111,11,1777,674,107,1011,27,329,775,12,25,517,640,43653,7488],"class_list":{"0":"post-505420","1":"post","2":"type-post","3":"status-publish","4":"format-standard","5":"has-post-thumbnail","7":"category-strasbourg","8":"tag-actu","9":"tag-actualites","10":"tag-eu","11":"tag-europe","12":"tag-fil-info","13":"tag-fr","14":"tag-france","15":"tag-france-monde","16":"tag-grand-est","17":"tag-news","18":"tag-republique-francaise","19":"tag-sport","20":"tag-strasbourg","21":"tag-team-strasbourg","22":"tag-water-polo"},"share_on_mastodon":{"url":"https:\/\/pubeurope.com\/@fr\/115476604127854017","error":""},"_links":{"self":[{"href":"https:\/\/www.europesays.com\/fr\/wp-json\/wp\/v2\/posts\/505420","targetHints":{"allow":["GET"]}}],"collection":[{"href":"https:\/\/www.europesays.com\/fr\/wp-json\/wp\/v2\/posts"}],"about":[{"href":"https:\/\/www.europesays.com\/fr\/wp-json\/wp\/v2\/types\/post"}],"author":[{"embeddable":true,"href":"https:\/\/www.europesays.com\/fr\/wp-json\/wp\/v2\/users\/2"}],"replies":[{"embeddable":true,"href":"https:\/\/www.europesays.com\/fr\/wp-json\/wp\/v2\/comments?post=505420"}],"version-history":[{"count":0,"href":"https:\/\/www.europesays.com\/fr\/wp-json\/wp\/v2\/posts\/505420\/revisions"}],"wp:featuredmedia":[{"embeddable":true,"href":"https:\/\/www.europesays.com\/fr\/wp-json\/wp\/v2\/media\/505421"}],"wp:attachment":[{"href":"https:\/\/www.europesays.com\/fr\/wp-json\/wp\/v2\/media?parent=505420"}],"wp:term":[{"taxonomy":"category","embeddable":true,"href":"https:\/\/www.europesays.com\/fr\/wp-json\/wp\/v2\/categories?post=505420"},{"taxonomy":"post_tag","embeddable":true,"href":"https:\/\/www.europesays.com\/fr\/wp-json\/wp\/v2\/tags?post=505420"}],"curies":[{"name":"wp","href":"https:\/\/api.w.org\/{rel}","templated":true}]}}