{"id":505426,"date":"2025-11-01T21:41:17","date_gmt":"2025-11-01T21:41:17","guid":{"rendered":"https:\/\/www.europesays.com\/fr\/505426\/"},"modified":"2025-11-01T21:41:17","modified_gmt":"2025-11-01T21:41:17","slug":"fc-nantes-metz-un-groupe-de-22-chidozie-awaziem-est-finalement-bien-present-sport","status":"publish","type":"post","link":"https:\/\/www.europesays.com\/fr\/505426\/","title":{"rendered":"FC Nantes &#8211; Metz. Un groupe de 22, Chidozie Awaziem est finalement bien pr\u00e9sent . Sport"},"content":{"rendered":"<p>Apr\u00e8s la d\u00e9faite contre l\u2019AS Monaco conc\u00e9d\u00e9e au terme <a href=\"https:\/\/nantes.maville.com\/sport\/detail_-fc-nantes.-en-attaque-luis-castro-a-trouve-la-formule-_8-7043415_actu.Htm\" target=\"_self\" rel=\"noopener\">d\u2019une rencontre dingue<\/a> (5-3), mercredi, le FC Nantes retrouve la Beaujoire, ce dimanche 2\u00a0novembre (17\u00a0h\u00a015), face au FC Metz. Un match tr\u00e8s important d\u00e9j\u00e0 entre le 15e de Ligue 1 (Nantes) et la lanterne rouge.<\/p>\n<p><strong>Lire aussi<\/strong>\u00a0: <a href=\"https:\/\/nantes.maville.com\/sport\/detail_-loire-atlantique-portrait.-qui-est-alexis-mirbach-le-plus-messin-des-gardiens-du-fc-nantes-_8-7045673_actu.Htm\" target=\"_self\" rel=\"noopener\">PORTRAIT. qui est Alexis Mirbach, le plus Messin des gardiens du FC Nantes\u00a0?<\/a><\/p>\n<p>Luis Castro a retenu un groupe \u00e9largi de 22\u00a0joueurs pour cette deuxi\u00e8me rencontre d\u2019affil\u00e9e \u00e0 la Beaujoire. Beaucoup d\u2019absents c\u00f4t\u00e9 nantais\u00a0: Coquelin, Hong, Lepenant et Lahdo, tous bless\u00e9s. Awaziem, touch\u00e9 derri\u00e8re la cuisse droite contre Monaco, est finalement bien convoqu\u00e9. Le d\u00e9fenseur \u00e9tait consid\u00e9r\u00e9 comme tr\u00e8s incertain pourtant, vendredi midi, lors de la conf\u00e9rence de presse de Luis Castro.<\/p>\n<p>Le groupe<\/p>\n<p>Lopes, Carlgren, Mirbach &#8211; Acapandi\u00e9, Amian, Cozza, Centonze, Tati, Awaziem, Radakovic &#8211; Mwanga, Kwon, Leroux, Ziani, Tabibou, Deuff, Benhattab &#8211; Abline, El Arabi, Camara, Guirassy, Mohamed.<\/p>\n<p>\u00a0<\/p>\n","protected":false},"excerpt":{"rendered":"Apr\u00e8s la d\u00e9faite contre l\u2019AS Monaco conc\u00e9d\u00e9e au terme d\u2019une rencontre dingue (5-3), mercredi, le FC Nantes retrouve&hellip;\n","protected":false},"author":2,"featured_media":505427,"comment_status":"","ping_status":"","sticky":false,"template":"","format":"standard","meta":{"footnotes":""},"categories":[2818],"tags":[1111,11,3809,1465,1777,674,63,1011,27,1792,1922,766,12,2636,25,6689,479,517,1470,9693],"class_list":{"0":"post-505426","1":"post","2":"type-post","3":"status-publish","4":"format-standard","5":"has-post-thumbnail","7":"category-nantes","8":"tag-actu","9":"tag-actualites","10":"tag-ball","11":"tag-basket","12":"tag-eu","13":"tag-europe","14":"tag-football","15":"tag-fr","16":"tag-france","17":"tag-handball","18":"tag-info","19":"tag-nantes","20":"tag-news","21":"tag-pays-de-la-loire","22":"tag-republique-francaise","23":"tag-roche","24":"tag-rugby","25":"tag-sport","26":"tag-volley","27":"tag-yon"},"share_on_mastodon":{"url":"https:\/\/pubeurope.com\/@fr\/115476619846311141","error":""},"_links":{"self":[{"href":"https:\/\/www.europesays.com\/fr\/wp-json\/wp\/v2\/posts\/505426","targetHints":{"allow":["GET"]}}],"collection":[{"href":"https:\/\/www.europesays.com\/fr\/wp-json\/wp\/v2\/posts"}],"about":[{"href":"https:\/\/www.europesays.com\/fr\/wp-json\/wp\/v2\/types\/post"}],"author":[{"embeddable":true,"href":"https:\/\/www.europesays.com\/fr\/wp-json\/wp\/v2\/users\/2"}],"replies":[{"embeddable":true,"href":"https:\/\/www.europesays.com\/fr\/wp-json\/wp\/v2\/comments?post=505426"}],"version-history":[{"count":0,"href":"https:\/\/www.europesays.com\/fr\/wp-json\/wp\/v2\/posts\/505426\/revisions"}],"wp:featuredmedia":[{"embeddable":true,"href":"https:\/\/www.europesays.com\/fr\/wp-json\/wp\/v2\/media\/505427"}],"wp:attachment":[{"href":"https:\/\/www.europesays.com\/fr\/wp-json\/wp\/v2\/media?parent=505426"}],"wp:term":[{"taxonomy":"category","embeddable":true,"href":"https:\/\/www.europesays.com\/fr\/wp-json\/wp\/v2\/categories?post=505426"},{"taxonomy":"post_tag","embeddable":true,"href":"https:\/\/www.europesays.com\/fr\/wp-json\/wp\/v2\/tags?post=505426"}],"curies":[{"name":"wp","href":"https:\/\/api.w.org\/{rel}","templated":true}]}}