{"id":505432,"date":"2025-11-01T21:44:13","date_gmt":"2025-11-01T21:44:13","guid":{"rendered":"https:\/\/www.europesays.com\/fr\/505432\/"},"modified":"2025-11-01T21:44:13","modified_gmt":"2025-11-01T21:44:13","slug":"apres-deux-mois-de-quete-elle-retrouve-sa-robe-de-mariee-echangee-au-pressing","status":"publish","type":"post","link":"https:\/\/www.europesays.com\/fr\/505432\/","title":{"rendered":"apr\u00e8s deux mois de qu\u00eate, elle retrouve sa robe de mari\u00e9e \u00e9chang\u00e9e au pressing"},"content":{"rendered":"<p>            Par<br \/>\n        <strong><br \/>\n            <a href=\"https:\/\/actu.fr\/auteur\/anaelle-montagne\" title=\"Consulter tous les articles de Anaelle Montagne\" rel=\"nofollow noopener\" target=\"_blank\">Anaelle Montagne<\/a><br \/>\n        <\/strong><\/p>\n<p>        Publi\u00e9 le<\/p>\n<p>            1 nov. 2025 \u00e0 6h12        <\/p>\n<p>\u00ab\u2009\u00c7a m\u2019a rendue malade\u2009\u00bb\u2009: les m\u00eames mots sortent de la bouche de la g\u00e9rante et de sa cliente. Elles avaient toutes deux <strong>quasiment perdu espoir<\/strong> de retrouver un jour<strong> la robe de mari\u00e9e<\/strong> d\u2019Aurore, malencontreusement \u00e9chang\u00e9e avec celle d\u2019une autre cliente du pressing \u00ab\u2009Les lavandi\u00e8res\u2009\u00bb de <a href=\"https:\/\/actu.fr\/toulouse\/\" rel=\"nofollow noopener\" target=\"_blank\">Toulouse<\/a>, d\u00e9but septembre\u00a02025. Mais cette ann\u00e9e, le miracle de No\u00ebl est arriv\u00e9 en avance.<\/p>\n<p>Quelque chose cloche<\/p>\n<p class=\" wall-content\">Tout commence \u00e0 la fin du mois de juin, quelques jours apr\u00e8s le mariage d\u2019Aurore, une Toulousaine de 38\u00a0ans, et son \u00e9poux Floran, 36\u00a0ans. C\u2019est lui qui va <strong>d\u00e9poser la robe de sa femme au pressing<\/strong> que g\u00e8re Laurence Chicheportiche\u2009: il conna\u00eet la bonne r\u00e9putation de l\u2019\u00e9tablissement, implant\u00e9 route d\u2019Albi depuis 1994.<\/p>\n<p class=\" wall-content\">La robe est entre de bonnes mains, les Mendes partent en vacances. \u00c0 leur retour, fin ao\u00fbt, ils repassent au pressing, mais <strong>le v\u00eatement n\u2019est pas sec<\/strong>. Puisque c\u2019est ainsi, nous reviendrons lundi, se disent les jeunes mari\u00e9s. Mais lorsque Floran vient r\u00e9clamer son d\u00fb d\u00e9but septembre, quelque chose cloche\u2009: la robe \u00e0 lacets ne correspond pas \u00e0 celle que portait sa femme lors de leur <a href=\"https:\/\/actu.fr\/tag\/mariage\" rel=\"nofollow noopener\" target=\"_blank\">mariage<\/a>. Il pr\u00e9f\u00e8re la laisser sur place mais au comptoir, on ne parvient pas \u00e0 retrouver la bonne robe\u2026 Le Toulousain repart bredouille.<\/p>\n<p>Les semaines passent, la robe n\u2019appara\u00eet pas<\/p>\n<p class=\" wall-content\">\u00ab\u2009Les robes \u00e9taient emball\u00e9es dans des housses et on a tout simplement <strong>donn\u00e9 la mauvaise robe<\/strong> \u00e0 une autre cliente, madame R.\u2009\u00bb, d\u00e9plore la g\u00e9rante du pressing.<\/p>\n<p class=\" wall-content\">Lorsqu\u2019Aurore l\u2019apprend, c\u2019est la panique. Laurence l\u2019implore de ne pas s\u2019inqui\u00e9ter\u2009: madame R. est une cliente r\u00e9guli\u00e8re, elle n\u2019est pas du genre \u00e0 vendre le pr\u00e9cieux v\u00eatement et <strong>elle va revenir tr\u00e8s bient\u00f4t<\/strong>, c\u2019est certain. Mais les semaines passent, et pas de robe en vue.<\/p>\n<p>Mais o\u00f9 est pass\u00e9e madame R.\u2009?<\/p>\n<p class=\" wall-content\">O\u00f9 est madame R.\u2009? La question hante la g\u00e9rante. Pas tr\u00e8s copine avec la technologie, elle n\u2019enregistre jamais les num\u00e9ros de ses clients. A\u00efe. <strong>Les pistes pour la retrouver sont minces.<\/strong> Laurence finit par d\u00e9nicher les derniers chiffres de sa carte bancaire via le ticket de carte bleue, mais la banque refuse de lui d\u00e9livrer davantage d\u2019informations pour remonter la piste de la fameuse Toulousaine.<\/p>\n<p class=\" wall-content\">En parall\u00e8le, Aurore fait le tour des magasins de robes de mari\u00e9e aux alentours mais aucun n\u2019a entendu parler de cette dame. <strong>Cul-de-sac apr\u00e8s cul-de-sac<\/strong>, la g\u00e9rante et sa cliente d\u00e9sesp\u00e8rent.<\/p>\n<p>Votre r\u00e9gion, votre actu !<\/p>\n<p>Recevez chaque jour les infos qui comptent pour vous.<\/p>\n<p>\t<a href=\"https:\/\/actu.fr\/newsletter\" class=\"ac-btn ac-btn--corner ac-btn--medium ac-btn--blue800\" rel=\"nofollow noopener\" target=\"_blank\">S&rsquo;incrire<\/a><\/p>\n<blockquote class=\"ac-article-quote wall-content\">\n<p>J&rsquo;ai failli porter plainte contre ma propre entreprise, au cas o\u00f9 \u00e7a permettrait d&rsquo;acc\u00e9der aux informations de la dame. J&rsquo;ai m\u00eame lanc\u00e9 un appel \u00e0 Julien Courbet !<\/p>\n<p>    <strong>Laurence Chicheportiche<\/strong><br \/>\n        G\u00e9rante du pressing     <\/p><\/blockquote>\n<p>\u00ab\u2009C\u2019\u00e9tait une robe de princesse\u2009\u00bb<\/p>\n<p class=\" wall-content\">Aurore, elle, consid\u00e8re de demander un remboursement, m\u00eame si rien ne pourra jamais remplacer <strong>la valeur sentimentale<\/strong> de cette robe \u2013 qu\u2019elle devait d\u2019ailleurs porter \u00e0 nouveau en septembre pour une s\u00e9ance photo post-mariage.<\/p>\n<p class=\" wall-content\">\u00ab\u2009C\u2019\u00e9tait une robe de princesse, faite sur-mesure avec des d\u00e9tails magnifiques, des strass partout, de la dentelle, une longue tra\u00eene\u2026 Et dans la housse il y avait aussi mon jupon et mon voile.\u2009\u00bb Le tout avait tout de m\u00eame co\u00fbt\u00e9 <strong>plus de 2\u2009000\u00a0euros<\/strong> aux mari\u00e9s\u2026<\/p>\n<p>    <img   decoding=\"async\" loading=\"lazy\" src=\"https:\/\/www.europesays.com\/fr\/wp-content\/uploads\/2025\/11\/af-140625091350-2-copie-1-960x640.jpg\" alt=\"La robe de mari\u00e9e d'Aurore se trouvait dans la housse, chez la mauvaise personne.\" width=\"960\" height=\"640\"\/><br \/>\n    La robe de mari\u00e9e d\u2019Aurore se trouvait dans la housse, chez la mauvaise personne. (\u00a9Aurore Mendes)10 chiffres, et la robe r\u00e9appara\u00eet<\/p>\n<p class=\" wall-content\">Les jours passent, Aurore est abattue. <strong>Mais le jeudi 30\u00a0octobre, miracle\u2009!<\/strong> La g\u00e9rante obtient les 10 pr\u00e9cieux chiffres qui la relient \u00e0 madame R.<\/p>\n<p class=\" wall-content\">\u00ab\u2009Ma fille a eu une id\u00e9e extraordinaire\u2009: si la cliente est habitu\u00e9e du pressing, elle doit aussi passer r\u00e9guli\u00e8rement dans les commerces voisins.\u2009\u00bb Bingo\u2009: la pharmacie d\u2019\u00e0 c\u00f4t\u00e9 avait le contact de la jeune mari\u00e9e\u2026 qui \u00e9tait <strong>partie en voyage de noces <\/strong>sans r\u00e9aliser qu\u2019elle poss\u00e9dait la mauvaise robe, toujours emball\u00e9e dans sa housse.<\/p>\n<p>Un conte de No\u00ebl<\/p>\n<p class=\" wall-content\">Rentr\u00e9e \u00e0 Toulouse ce vendredi 31\u00a0octobre, la fameuse madame R. devrait ramener le pr\u00e9cieux v\u00eatement dans les jours qui viennent.<\/p>\n<p class=\" wall-content\">\u00ab\u2009Quand j\u2019ai obtenu le num\u00e9ro, j\u2019\u00e9tais folle de joie. J\u2019en ai les larmes aux yeux\u2009!\u2009\u00bb, souffle Laurence Chicheportiche. \u00ab\u2009Cette robe \u00e9tait irrempla\u00e7able. <strong>Quel beau d\u00e9nouement\u2026<\/strong> C\u2019est un conte de No\u00ebl\u2009!\u2009\u00bb Aurore, elle, n\u2019a qu\u2019une h\u00e2te\u2009: avoir enfin sa pr\u00e9cieuse robe dans les mains.<\/p>\n<p class=\" wall-content\">Personnalisez votre actualit\u00e9 en ajoutant vos villes et m\u00e9dias en favori avec <a href=\"https:\/\/moncompte.actu.fr\" title=\"D\u00e9couvez Mon Actu\" rel=\"nofollow noopener\" data-trk=\"{&quot;cta&quot;:{&quot;action&quot;:&quot;https:\\\/\\\/moncompte.actu.fr&quot;,&quot;category&quot;:&quot;mon compte&quot;,&quot;from&quot;:&quot;article footer&quot;,&quot;name&quot;:&quot;Mon actu&quot;,&quot;type&quot;:&quot;cta&quot;}}\" target=\"_blank\">Mon Actu<\/a>.<\/p>\n","protected":false},"excerpt":{"rendered":"Par Anaelle Montagne Publi\u00e9 le 1 nov. 2025 \u00e0 6h12 \u00ab\u2009\u00c7a m\u2019a rendue malade\u2009\u00bb\u2009: les m\u00eames mots sortent&hellip;\n","protected":false},"author":2,"featured_media":505433,"comment_status":"","ping_status":"","sticky":false,"template":"","format":"standard","meta":{"footnotes":""},"categories":[2816],"tags":[1111,11,1777,674,1011,27,1930,12,2680,25,104,2312],"class_list":{"0":"post-505432","1":"post","2":"type-post","3":"status-publish","4":"format-standard","5":"has-post-thumbnail","7":"category-toulouse","8":"tag-actu","9":"tag-actualites","10":"tag-eu","11":"tag-europe","12":"tag-fr","13":"tag-france","14":"tag-mariage","15":"tag-news","16":"tag-occitanie","17":"tag-republique-francaise","18":"tag-societe","19":"tag-toulouse"},"share_on_mastodon":{"url":"https:\/\/pubeurope.com\/@fr\/115476632207956423","error":""},"_links":{"self":[{"href":"https:\/\/www.europesays.com\/fr\/wp-json\/wp\/v2\/posts\/505432","targetHints":{"allow":["GET"]}}],"collection":[{"href":"https:\/\/www.europesays.com\/fr\/wp-json\/wp\/v2\/posts"}],"about":[{"href":"https:\/\/www.europesays.com\/fr\/wp-json\/wp\/v2\/types\/post"}],"author":[{"embeddable":true,"href":"https:\/\/www.europesays.com\/fr\/wp-json\/wp\/v2\/users\/2"}],"replies":[{"embeddable":true,"href":"https:\/\/www.europesays.com\/fr\/wp-json\/wp\/v2\/comments?post=505432"}],"version-history":[{"count":0,"href":"https:\/\/www.europesays.com\/fr\/wp-json\/wp\/v2\/posts\/505432\/revisions"}],"wp:featuredmedia":[{"embeddable":true,"href":"https:\/\/www.europesays.com\/fr\/wp-json\/wp\/v2\/media\/505433"}],"wp:attachment":[{"href":"https:\/\/www.europesays.com\/fr\/wp-json\/wp\/v2\/media?parent=505432"}],"wp:term":[{"taxonomy":"category","embeddable":true,"href":"https:\/\/www.europesays.com\/fr\/wp-json\/wp\/v2\/categories?post=505432"},{"taxonomy":"post_tag","embeddable":true,"href":"https:\/\/www.europesays.com\/fr\/wp-json\/wp\/v2\/tags?post=505432"}],"curies":[{"name":"wp","href":"https:\/\/api.w.org\/{rel}","templated":true}]}}