{"id":505438,"date":"2025-11-01T21:47:16","date_gmt":"2025-11-01T21:47:16","guid":{"rendered":"https:\/\/www.europesays.com\/fr\/505438\/"},"modified":"2025-11-01T21:47:16","modified_gmt":"2025-11-01T21:47:16","slug":"un-etudiant-de-19-ans-mortellement-fauche-par-un-chauffard-a-lille-un-suspect-interpelle-quelques-minutes-plus-tard","status":"publish","type":"post","link":"https:\/\/www.europesays.com\/fr\/505438\/","title":{"rendered":"Un \u00e9tudiant de 19 ans mortellement fauch\u00e9 par un chauffard \u00e0 Lille, un suspect interpell\u00e9 quelques minutes plus tard"},"content":{"rendered":"<p>D&rsquo;apr\u00e8s des infomrations de <a href=\"https:\/\/www.lavoixdunord.fr\/1641917\/article\/2025-11-01\/lille-un-etudiant-de-19-ans-mortellement-fauche-par-une-voiture-ce-matin-place\" target=\"_blank\" rel=\"nofollow noopener\">La Voix du Nord<\/a> et <a href=\"https:\/\/www.francebleu.fr\/infos\/faits-divers-justice\/lille-un-pieton-percute-mortellement-par-une-voiture-boulevard-de-la-liberte-6970834\" target=\"_blank\" rel=\"nofollow noopener\">ICI Nord<\/a>, un \u00e9tudiant de 19 ans a \u00e9t\u00e9 mortellement fauch\u00e9 par un automobiliste qui tentait de fuir la police dans le centre-ville de Lille ce samedi matin.<\/p>\n<p>Les faits se sont d\u00e9roul\u00e9s aux alentours de 5h du matin aux abords de la place de la R\u00e9publique : le jeune homme, qui allait avoir 20 dans quelques jours, traversait la route quand il a \u00e9t\u00e9 percut\u00e9 par un automobiliste qui tentait d&rsquo;\u00e9chapper \u00e0 la police, indiquent encore <a href=\"https:\/\/www.laprovence.com\/faits-divers-justice\" target=\"_blank\" rel=\"nofollow noopener\">nos confr\u00e8res<\/a>.<\/p>\n<p>Le chauffard a pris la fuite. Mais quelques minutes plus tard, un suspect a \u00e9t\u00e9 interpell\u00e9.\u00a0<\/p>\n<p>La Pr\u00e9fecture du Nord a annonc\u00e9, aupr\u00e8s d&rsquo;ICI Nord, qu&rsquo;une enqu\u00eate a \u00e9t\u00e9 ouverte pour \u00ab\u00a0accident mortel sur la voie publique\u00a0\u00bb.\u00a0<\/p>\n","protected":false},"excerpt":{"rendered":"D&rsquo;apr\u00e8s des infomrations de La Voix du Nord et ICI Nord, un \u00e9tudiant de 19 ans a \u00e9t\u00e9&hellip;\n","protected":false},"author":2,"featured_media":505439,"comment_status":"","ping_status":"","sticky":false,"template":"","format":"standard","meta":{"footnotes":""},"categories":[2815],"tags":[17,1111,11,1764,4378,4081,1777,674,274,34196,1011,27,811,1307,41041,12,5912,25],"class_list":{"0":"post-505438","1":"post","2":"type-post","3":"status-publish","4":"format-standard","5":"has-post-thumbnail","7":"category-lille","8":"tag-17","9":"tag-actu","10":"tag-actualites","11":"tag-ans","12":"tag-chauffard","13":"tag-etudiant","14":"tag-eu","15":"tag-europe","16":"tag-faits-divers-justice","17":"tag-fauche","18":"tag-fr","19":"tag-france","20":"tag-hauts-de-france","21":"tag-lille","22":"tag-mortellement","23":"tag-news","24":"tag-par","25":"tag-republique-francaise"},"share_on_mastodon":{"url":"https:\/\/pubeurope.com\/@fr\/115476643408449836","error":""},"_links":{"self":[{"href":"https:\/\/www.europesays.com\/fr\/wp-json\/wp\/v2\/posts\/505438","targetHints":{"allow":["GET"]}}],"collection":[{"href":"https:\/\/www.europesays.com\/fr\/wp-json\/wp\/v2\/posts"}],"about":[{"href":"https:\/\/www.europesays.com\/fr\/wp-json\/wp\/v2\/types\/post"}],"author":[{"embeddable":true,"href":"https:\/\/www.europesays.com\/fr\/wp-json\/wp\/v2\/users\/2"}],"replies":[{"embeddable":true,"href":"https:\/\/www.europesays.com\/fr\/wp-json\/wp\/v2\/comments?post=505438"}],"version-history":[{"count":0,"href":"https:\/\/www.europesays.com\/fr\/wp-json\/wp\/v2\/posts\/505438\/revisions"}],"wp:featuredmedia":[{"embeddable":true,"href":"https:\/\/www.europesays.com\/fr\/wp-json\/wp\/v2\/media\/505439"}],"wp:attachment":[{"href":"https:\/\/www.europesays.com\/fr\/wp-json\/wp\/v2\/media?parent=505438"}],"wp:term":[{"taxonomy":"category","embeddable":true,"href":"https:\/\/www.europesays.com\/fr\/wp-json\/wp\/v2\/categories?post=505438"},{"taxonomy":"post_tag","embeddable":true,"href":"https:\/\/www.europesays.com\/fr\/wp-json\/wp\/v2\/tags?post=505438"}],"curies":[{"name":"wp","href":"https:\/\/api.w.org\/{rel}","templated":true}]}}