{"id":505444,"date":"2025-11-01T21:50:25","date_gmt":"2025-11-01T21:50:25","guid":{"rendered":"https:\/\/www.europesays.com\/fr\/505444\/"},"modified":"2025-11-01T21:50:25","modified_gmt":"2025-11-01T21:50:25","slug":"des-soirees-a-la-bougie-de-taylor-swift-a-bad-bunny-en-passant-par-celine-dion","status":"publish","type":"post","link":"https:\/\/www.europesays.com\/fr\/505444\/","title":{"rendered":"des soir\u00e9es \u00e0 la bougie, de Taylor Swift \u00e0 Bad Bunny en passant par C\u00e9line Dion"},"content":{"rendered":"<p>Les concerts Candlelight de Fever offrent une exp\u00e9rience musicale unique, enti\u00e8rement \u00e9clair\u00e9e \u00e0 la bougie, des hommages aux artistes contemporains aux grandes bandes originales. Lyon ne manque pas de lieux magnifiques pour accueillir ces \u00e9v\u00e9nements.<\/p>\n<p>Parmi eux, la basilique Saint-Bonaventure, le Temple du Change, et bien d\u2019autres\u2026 Les concerts Candlelight sont ainsi non seulement l\u2019occasion d\u2019\u00e9couter sa musique pr\u00e9f\u00e9r\u00e9e sous un autre angle, mais aussi de (re) d\u00e9couvrir certaines des plus belles architectures de la ville.<\/p>\n<p>Le Progr\u00e8s a lanc\u00e9 la saison automnale des concerts Candlelight par une visite \u00e0 la basilique Saint-Bonaventure, pour assister \u00e0 un hommage \u00e0 Taylor Swift. Au centre d\u2019un oc\u00e9an de bougies, la pianiste Haley Myles a charm\u00e9 le public avec un voyage \u00e0 travers les chansons les plus appr\u00e9ci\u00e9es de l\u2019artiste am\u00e9ricaine. Avec \u00e9motion et d\u00e9licatesse, elle a livr\u00e9 des interpr\u00e9tations d\u00e9pouill\u00e9es de morceaux rythm\u00e9s comme  Shake It Off, Blank Space et Cruel Summer,  ainsi que des ballades issues des albums Folklore  et Evermore. \u00c0 la fin de sa performance, Haley Myles a re\u00e7u une ovation debout.<\/p>\n<p>  De Bad Bunny \u00e0 Queen\u00a0: un voyage musical \u00e0 la lueur des bougies<\/p>\n<p>Les concerts Candlelight des mois \u00e0 venir vous invitent \u00e0 red\u00e9couvrir les morceaux d\u2019Adele, <a href=\"https:\/\/www.leprogres.fr\/p\/beyonce\" target=\"_blank\" rel=\"nofollow noopener\">Beyonc\u00e9<\/a>, Bad Bunny, The Weeknd et <a href=\"https:\/\/www.leprogres.fr\/p\/celine-dion\" target=\"_blank\" rel=\"nofollow noopener\">C\u00e9line Dion<\/a>. Au programme, aussi bien des tubes anciens que des plus r\u00e9cents. Pr\u00e9parez-vous \u00e0 un total shift musical\u00a0: les grands succ\u00e8s de Pink Floyd, U2, Green Day et Queen prennent vie dans des concerts intimistes. Vous retrouverez \u00e9galement ABBA et quelques shows hybrides, comme Coldplay vs Imagine Dragons.<\/p>\n<p>  Vari\u00e9t\u00e9 fran\u00e7aise\u2026 et bien s\u00fbr, les grands classiques\u00a0!<\/p>\n<p>Candlelight, c\u2019est une exp\u00e9rience mondiale \u2014 mais qui sait toujours rester locale. \u00c0 Lyon, certaines soir\u00e9es sont enti\u00e8rement consacr\u00e9es \u00e0 la chanson fran\u00e7aise, avec des hommages \u00e0 <a href=\"https:\/\/www.leprogres.fr\/p\/jean-jacques-goldman\" target=\"_blank\" rel=\"nofollow noopener\">Jean-Jacques Goldman<\/a>, <a href=\"https:\/\/www.leprogres.fr\/p\/johnny-hallyday\" target=\"_blank\" rel=\"nofollow noopener\">Johnny Hallyday<\/a>, Charles Aznavour, \u00c9dith Piaf\u2026 sans oublier un concert d\u00e9di\u00e9 au meilleur du rap fran\u00e7ais.<\/p>\n<p>Et parce qu\u2019on ne change pas une formule qui marche, les classiques restent au rendez-vous\u00a0: Ludovico Einaudi, Vivaldi et ses Quatre Saisons\u2026 Candlelight jongle entre modernit\u00e9 et tradition, avec une \u00e9l\u00e9gance toute en lumi\u00e8re.<\/p>\n<p class=\"note\">Billets \u00e0 partir de 19\u00a0\u20ac. Prochains rendez-vous dimanche 2\u00a0novembre \u00e0 la basilique Saint Bonaventure (16 heures\u00a0: Coldplay vs Ed Sheeran, 20 heures\u00a0: hommage \u00e0 Adele). Les concerts sont programm\u00e9s jusqu\u2019\u00e0 avril. Pour r\u00e9server vos billets, rendez-vous sur https:\/\/feverup.com\/fr\/lyon\/candlelight<\/p>\n","protected":false},"excerpt":{"rendered":"Les concerts Candlelight de Fever offrent une exp\u00e9rience musicale unique, enti\u00e8rement \u00e9clair\u00e9e \u00e0 la bougie, des hommages aux&hellip;\n","protected":false},"author":2,"featured_media":505445,"comment_status":"","ping_status":"","sticky":false,"template":"","format":"standard","meta":{"footnotes":""},"categories":[1889],"tags":[1111,11,2430,1687,2757,1777,674,1011,27,2428,2756,873,12,25,2429,3151],"class_list":{"0":"post-505444","1":"post","2":"type-post","3":"status-publish","4":"format-standard","5":"has-post-thumbnail","7":"category-lyon","8":"tag-actu","9":"tag-actualites","10":"tag-auvergne-rhone-alpes","11":"tag-culture-loisirs","12":"tag-edition-lyon-villeurbanne","13":"tag-eu","14":"tag-europe","15":"tag-fr","16":"tag-france","17":"tag-lyon","18":"tag-lyon-bassin","19":"tag-musique","20":"tag-news","21":"tag-republique-francaise","22":"tag-rhone","23":"tag-selection-de-la-redaction-69"},"share_on_mastodon":{"url":"https:\/\/pubeurope.com\/@fr\/115476655208711438","error":""},"_links":{"self":[{"href":"https:\/\/www.europesays.com\/fr\/wp-json\/wp\/v2\/posts\/505444","targetHints":{"allow":["GET"]}}],"collection":[{"href":"https:\/\/www.europesays.com\/fr\/wp-json\/wp\/v2\/posts"}],"about":[{"href":"https:\/\/www.europesays.com\/fr\/wp-json\/wp\/v2\/types\/post"}],"author":[{"embeddable":true,"href":"https:\/\/www.europesays.com\/fr\/wp-json\/wp\/v2\/users\/2"}],"replies":[{"embeddable":true,"href":"https:\/\/www.europesays.com\/fr\/wp-json\/wp\/v2\/comments?post=505444"}],"version-history":[{"count":0,"href":"https:\/\/www.europesays.com\/fr\/wp-json\/wp\/v2\/posts\/505444\/revisions"}],"wp:featuredmedia":[{"embeddable":true,"href":"https:\/\/www.europesays.com\/fr\/wp-json\/wp\/v2\/media\/505445"}],"wp:attachment":[{"href":"https:\/\/www.europesays.com\/fr\/wp-json\/wp\/v2\/media?parent=505444"}],"wp:term":[{"taxonomy":"category","embeddable":true,"href":"https:\/\/www.europesays.com\/fr\/wp-json\/wp\/v2\/categories?post=505444"},{"taxonomy":"post_tag","embeddable":true,"href":"https:\/\/www.europesays.com\/fr\/wp-json\/wp\/v2\/tags?post=505444"}],"curies":[{"name":"wp","href":"https:\/\/api.w.org\/{rel}","templated":true}]}}