{"id":505462,"date":"2025-11-01T22:00:20","date_gmt":"2025-11-01T22:00:20","guid":{"rendered":"https:\/\/www.europesays.com\/fr\/505462\/"},"modified":"2025-11-01T22:00:20","modified_gmt":"2025-11-01T22:00:20","slug":"donald-trump-menace-le-nigeria-dune-action-militaire-pour-les-meurtres-de-chretiens","status":"publish","type":"post","link":"https:\/\/www.europesays.com\/fr\/505462\/","title":{"rendered":"Donald Trump menace le Nigeria d\u2019une action militaire pour \u00ab\u00a0les meurtres de chr\u00e9tiens\u00a0\u00bb"},"content":{"rendered":"<p>    Sur le m\u00eame sujet<\/p>\n<p>                        <a href=\"https:\/\/www.sudouest.fr\/environnement\/cop30-en-amazonie-les-elus-locaux-americains-se-mobilisent-en-reaction-a-l-absence-de-donald-trump-26559748.php\" title=\"COP30 en Amazonie\u00a0: les \u00e9lus locaux am\u00e9ricains se mobilisent en r\u00e9action \u00e0 l\u2019absence de Donald Trump\" rel=\"nofollow noopener\" target=\"_blank\"><br \/>\n                            <img decoding=\"async\" src=\"https:\/\/www.europesays.com\/fr\/wp-content\/uploads\/2025\/11\/20251101171708-83783112.jpg\" alt=\"COP30 en Amazonie\u00a0: les \u00e9lus locaux am\u00e9ricains se mobilisent en r\u00e9action \u00e0 l\u2019absence de Donald Trump\"\/><br \/>\n                        <\/a><\/p>\n<p>                    <a href=\"https:\/\/www.sudouest.fr\/environnement\/cop30-en-amazonie-les-elus-locaux-americains-se-mobilisent-en-reaction-a-l-absence-de-donald-trump-26559748.php\" title=\"COP30 en Amazonie\u00a0: les \u00e9lus locaux am\u00e9ricains se mobilisent en r\u00e9action \u00e0 l\u2019absence de Donald Trump\" rel=\"nofollow noopener\" target=\"_blank\"><\/p>\n<p>\n                            COP30 en Amazonie\u00a0: les \u00e9lus locaux am\u00e9ricains se mobilisent en r\u00e9action \u00e0 l\u2019absence de Donald Trump\n                        <\/p>\n<p>                    <\/a><\/p>\n<p>\n                        Washington a annonc\u00e9 qu\u2019aucun repr\u00e9sentant de haut niveau ne participerait \u00e0 la conf\u00e9rence climatique de l\u2019ONU qui s\u2019ouvre le 10\u00a0novembre au Br\u00e9sil. Fid\u00e8le \u00e0 sa ligne climatosceptique, le pr\u00e9sident Trump, qui a de nouveau retir\u00e9 les \u00c9tats-Unis de l\u2019accord de Paris, tourne le dos \u00e0 la coop\u00e9ration internationale sur le climat, tandis qu\u2019\u00e9lus locaux et responsables r\u00e9gionaux comptent faire entendre leur voix sur place\n                    <\/p>\n<p>\u00ab\u00a0Si le gouvernement nig\u00e9rian continue de tol\u00e9rer les meurtres de chr\u00e9tiens, les \u00c9tats-Unis cesseront imm\u00e9diatement toute aide au Nigeria, et pourraient tr\u00e8s bien aller dans ce pays d\u00e9sormais d\u00e9shonor\u00e9 en d\u00e9fouraillant \u00e0 tout va, pour an\u00e9antir compl\u00e8tement les terroristes islamistes qui commettent ces atrocit\u00e9s horribles. J\u2019ordonne au minist\u00e8re de la Guerre de se pr\u00e9parer \u00e0 une \u00e9ventuelle action\u00a0\u00bb, a \u00e9crit le pr\u00e9sident am\u00e9ricain sur sa plateforme Truth Social.<\/p>\n","protected":false},"excerpt":{"rendered":"Sur le m\u00eame sujet COP30 en Amazonie\u00a0: les \u00e9lus locaux am\u00e9ricains se mobilisent en r\u00e9action \u00e0 l\u2019absence de&hellip;\n","protected":false},"author":2,"featured_media":505463,"comment_status":"","ping_status":"","sticky":false,"template":"","format":"standard","meta":{"footnotes":""},"categories":[1589],"tags":[11,73,1866,12,1864,1865,1863,308],"class_list":{"0":"post-505462","1":"post","2":"type-post","3":"status-publish","4":"format-standard","5":"has-post-thumbnail","7":"category-etats-unis","8":"tag-actualites","9":"tag-etats-unis","10":"tag-etats-unis-damerique","11":"tag-news","12":"tag-united-states","13":"tag-united-states-of-america","14":"tag-us","15":"tag-usa"},"share_on_mastodon":{"url":"https:\/\/pubeurope.com\/@fr\/115476694622305267","error":""},"_links":{"self":[{"href":"https:\/\/www.europesays.com\/fr\/wp-json\/wp\/v2\/posts\/505462","targetHints":{"allow":["GET"]}}],"collection":[{"href":"https:\/\/www.europesays.com\/fr\/wp-json\/wp\/v2\/posts"}],"about":[{"href":"https:\/\/www.europesays.com\/fr\/wp-json\/wp\/v2\/types\/post"}],"author":[{"embeddable":true,"href":"https:\/\/www.europesays.com\/fr\/wp-json\/wp\/v2\/users\/2"}],"replies":[{"embeddable":true,"href":"https:\/\/www.europesays.com\/fr\/wp-json\/wp\/v2\/comments?post=505462"}],"version-history":[{"count":0,"href":"https:\/\/www.europesays.com\/fr\/wp-json\/wp\/v2\/posts\/505462\/revisions"}],"wp:featuredmedia":[{"embeddable":true,"href":"https:\/\/www.europesays.com\/fr\/wp-json\/wp\/v2\/media\/505463"}],"wp:attachment":[{"href":"https:\/\/www.europesays.com\/fr\/wp-json\/wp\/v2\/media?parent=505462"}],"wp:term":[{"taxonomy":"category","embeddable":true,"href":"https:\/\/www.europesays.com\/fr\/wp-json\/wp\/v2\/categories?post=505462"},{"taxonomy":"post_tag","embeddable":true,"href":"https:\/\/www.europesays.com\/fr\/wp-json\/wp\/v2\/tags?post=505462"}],"curies":[{"name":"wp","href":"https:\/\/api.w.org\/{rel}","templated":true}]}}