{"id":50548,"date":"2025-04-25T01:16:08","date_gmt":"2025-04-25T01:16:08","guid":{"rendered":"https:\/\/www.europesays.com\/fr\/50548\/"},"modified":"2025-04-25T01:16:08","modified_gmt":"2025-04-25T01:16:08","slug":"arsenal-psg-grosse-tension-entre-les-clubs-autour-du-nombre-de-billets-des-supporters-parisiens-a-lemirates","status":"publish","type":"post","link":"https:\/\/www.europesays.com\/fr\/50548\/","title":{"rendered":"Arsenal-PSG\u00a0: grosse tension entre les clubs autour du nombre de billets des supporters parisiens \u00e0 l\u2019Emirates"},"content":{"rendered":"<p class=\"paragraph text_align_left\">Chic et all\u00e9chante sur le papier, la demi-finale de <a href=\"https:\/\/www.leparisien.fr\/sports\/football\/ligue-des-champions\/\" target=\"_blank\" rel=\"nofollow noopener\">Ligue des champions<\/a> entre Arsenal et le <a href=\"https:\/\/www.leparisien.fr\/sports\/football\/psg\/\" target=\"_blank\" rel=\"nofollow noopener\">PSG<\/a> serait-elle moins \u00e9l\u00e9gante c\u00f4t\u00e9 coulisses ? \u00c0 cinq jours de l\u2019affrontement entre les t\u00eates d\u2019affiche des capitales fran\u00e7aise et britannique, les promesses de show ont en tout cas laiss\u00e9 la place \u00e0 des \u00e9changes plut\u00f4t chauds entre les deux pr\u00e9tendants \u00e0 la finale du 31 mai \u00e0 Munich. La faute, selon le champion de France, au quota de place que les Gunners ont d\u00e9cid\u00e9 d\u2019accorder aux supporters parisiens mardi soir \u00e0 l\u2019Emirates.<\/p>\n<p class=\"legal-notices lp-f-ui-06 lp-color-text-muted lp-mb-07\">LES JEUX D&rsquo;ARGENT ET DE HASARD PEUVENT \u00caTRE DANGEREUX : PERTES D&rsquo;ARGENT, CONFLITS FAMILIAUX, ADDICTION\u2026 RETROUVEZ NOS CONSEILS SUR <a href=\"https:\/\/joueurs-info-service.fr\/\" class=\"lp-color-text-muted\" rel=\"nofollow noopener\" target=\"_blank\">JOUEURS-INFO-SERVICE.FR<\/a> (09 74 75 13 13 &#8211; APPEL NON SURTAX\u00c9)<\/p>\n<p class=\"paragraph text_align_left\">Alors que le PSG s\u2019\u00e9tait vu attribuer 3 000 billets pour ses suiveurs \u00e0 l\u2019occasion du <a href=\"https:\/\/www.leparisien.fr\/sports\/football\/psg\/arsenal-psg-on-a-revu-le-match-du-mois-doctobre-paris-nest-plus-la-meme-equipe-17-04-2025-TJBY534MOBGX5ERBGYG7Z3TXDA.php\" target=\"_blank\" rel=\"nofollow noopener\">match de poule qui avait oppos\u00e9 les deux \u00e9quipes le 1er octobre dernier (2-0),<\/a> il pourrait cette fois ne disposer que de 2 500 places pour ses supporters, comme expliqu\u00e9 par <a href=\"https:\/\/www.francebleu.fr\/sports\/football\/arsenal-psg-a-6-jours-du-match-les-supporters-parisiens-ne-peuvent-toujours-pas-prendre-leurs-places-3141041\" target=\"_blank\" rel=\"nofollow noopener\">Ici Paris Ile-de-France<\/a>. Une r\u00e9duction de 500 places qui a mis le club de la capitale en \u00e9bullition ces derniers jours, celui-ci arguant que les motivations londoniennes sont fallacieuses.<\/p>\n<p class=\"paragraph text_align_left\">Apr\u00e8s avoir assur\u00e9 par mail \u00e0 leurs homologues parisiens que leurs supporters tricolores disposeraient de 3 000 places le jeudi 17 avril &#8211; soit 5 % de la capacit\u00e9 de l\u2019Emirates comme le veut le r\u00e8glement UEFA &#8211; les dirigeants britanniques ont inform\u00e9 Paris le lundi 21 que, pour des raisons de s\u00e9curit\u00e9 impos\u00e9es par la police britannique, la jauge serait finalement abaiss\u00e9e \u00e0 2 500 places.<\/p>\n<p>L\u2019UEFA alert\u00e9e<\/p>\n<p class=\"paragraph text_align_left\">Une d\u00e9cision qui a provoqu\u00e9 la col\u00e8re et l\u2019incompr\u00e9hension dans les rangs d\u2019un PSG.<\/p>\n<p class=\"paragraph text_align_left\">Ce jeudi, <a href=\"https:\/\/www.leparisien.fr\/sports\/football\/psg\/arsenal-psg-on-a-revu-le-match-du-mois-doctobre-paris-nest-plus-la-meme-equipe-17-04-2025-TJBY534MOBGX5ERBGYG7Z3TXDA.php\" target=\"_blank\" rel=\"nofollow noopener\">au lendemain du nul (2-2) des Gunners contre Crystal Palace,<\/a> au cours d\u2019une r\u00e9union organis\u00e9e entre les deux clubs et les autorit\u00e9s locales, Paris a tent\u00e9 de faire bouger les lignes en rappelant notamment qu\u2019aucun d\u00e9bordement, ni autre incident n\u2019avait \u00e9t\u00e9 \u00e0 mettre au d\u00e9bit des supporters parisiens lors des pr\u00e9c\u00e9dents d\u00e9placements en Grande-Bretagne, ni lors du premier affrontement entre les deux clubs en octobre, ni \u00e0 Liverpool et Birmingham ou ailleurs sur la sc\u00e8ne europ\u00e9enne.<\/p>\n<p class=\"paragraph text_align_left\">Pas assez convaincant aux yeux des Londoniens qui, en d\u00e9pit des r\u00e8glements UEFA imposant 5 % de la capacit\u00e9 du stade aux supporters adverses, n\u2019ont pas fl\u00e9chi. Paris, qui a alert\u00e9 l\u2019UEFA dans l\u2019espoir d\u2019avoir gain de cause, s\u2019est donc content\u00e9 de ne mettre \u00e0 disposition ce jeudi que les 2 500 places qui lui sont pour l\u2019heure attribu\u00e9es. Si celles-ci sont parties en quelques minutes, on esp\u00e8re au club pouvoir disposer de 500 suppl\u00e9mentaires dans les heures\/jours \u00e0 venir.<\/p>\n<p class=\"paragraph text_align_left\">Mais en r\u00e9alit\u00e9, et c\u2019est ce qui rend le PSG furieux, il a peu de chances d\u2019avoir gain de cause. Bien que des possibilit\u00e9s de recours soient \u00e0 l\u2019\u00e9tude, seul l\u2019UEFA appara\u00eet aujourd\u2019hui en mesure d\u2019arbitrer le litige. Mais pas forc\u00e9ment en mesure de le faire basculer c\u00f4t\u00e9 parisien. Dans le parcage visiteur au Parc des Princes, sous injonction de la pr\u00e9fecture de police de Paris, le club de la capitale se voit en effet, depuis plus de dix ans maintenant, contraint de laisser des rang\u00e9es de si\u00e8ges vides pour s\u00e9curiser la s\u00e9paration entre la tribune visiteurs et les supporters parisiens. <\/p>\n<p class=\"paragraph text_align_left\">Comme c\u2019est le cas pour chaque club adverse, Arsenal se verra ainsi octroyer 1 970 places pour ses supporters \u00e0 l\u2019occasion de la demi-finale retour le mercredi 7 mai. Soit 4,1 % des 48 000 si\u00e8ges du Parc des Princes. Exactement le m\u00eame ratio que les 2 500 billets accord\u00e9s au PSG dans un Emirates Stadium de 60 000 places&#8230;<\/p>\n","protected":false},"excerpt":{"rendered":"Chic et all\u00e9chante sur le papier, la demi-finale de Ligue des champions entre Arsenal et le PSG serait-elle&hellip;\n","protected":false},"author":2,"featured_media":50549,"comment_status":"","ping_status":"","sticky":false,"template":"","format":"standard","meta":{"footnotes":""},"categories":[1888],"tags":[1111,1928,11,1927,1777,674,63,1011,27,447,12,1926,626,1925,25,60],"class_list":{"0":"post-50548","1":"post","2":"type-post","3":"status-publish","4":"format-standard","5":"has-post-thumbnail","7":"category-paris","8":"tag-actu","9":"tag-actu-paris","10":"tag-actualites","11":"tag-actualites-paris","12":"tag-eu","13":"tag-europe","14":"tag-football","15":"tag-fr","16":"tag-france","17":"tag-ligue-des-champions","18":"tag-news","19":"tag-news-paris","20":"tag-paris","21":"tag-paris-news","22":"tag-republique-francaise","23":"tag-sports"},"share_on_mastodon":{"url":"https:\/\/pubeurope.com\/@fr\/114395963984143181","error":""},"_links":{"self":[{"href":"https:\/\/www.europesays.com\/fr\/wp-json\/wp\/v2\/posts\/50548","targetHints":{"allow":["GET"]}}],"collection":[{"href":"https:\/\/www.europesays.com\/fr\/wp-json\/wp\/v2\/posts"}],"about":[{"href":"https:\/\/www.europesays.com\/fr\/wp-json\/wp\/v2\/types\/post"}],"author":[{"embeddable":true,"href":"https:\/\/www.europesays.com\/fr\/wp-json\/wp\/v2\/users\/2"}],"replies":[{"embeddable":true,"href":"https:\/\/www.europesays.com\/fr\/wp-json\/wp\/v2\/comments?post=50548"}],"version-history":[{"count":0,"href":"https:\/\/www.europesays.com\/fr\/wp-json\/wp\/v2\/posts\/50548\/revisions"}],"wp:featuredmedia":[{"embeddable":true,"href":"https:\/\/www.europesays.com\/fr\/wp-json\/wp\/v2\/media\/50549"}],"wp:attachment":[{"href":"https:\/\/www.europesays.com\/fr\/wp-json\/wp\/v2\/media?parent=50548"}],"wp:term":[{"taxonomy":"category","embeddable":true,"href":"https:\/\/www.europesays.com\/fr\/wp-json\/wp\/v2\/categories?post=50548"},{"taxonomy":"post_tag","embeddable":true,"href":"https:\/\/www.europesays.com\/fr\/wp-json\/wp\/v2\/tags?post=50548"}],"curies":[{"name":"wp","href":"https:\/\/api.w.org\/{rel}","templated":true}]}}