{"id":505481,"date":"2025-11-01T22:11:16","date_gmt":"2025-11-01T22:11:16","guid":{"rendered":"https:\/\/www.europesays.com\/fr\/505481\/"},"modified":"2025-11-01T22:11:16","modified_gmt":"2025-11-01T22:11:16","slug":"la-kazakhstanaise-lance-parfaitement-ses-wta-finals","status":"publish","type":"post","link":"https:\/\/www.europesays.com\/fr\/505481\/","title":{"rendered":"la Kazakhstanaise lance parfaitement ses WTA Finals"},"content":{"rendered":"<p>                <img decoding=\"async\" src=\"https:\/\/www.europesays.com\/fr\/wp-content\/uploads\/2025\/11\/8PwB.jpg\" fetchpriority=\"high\" alt=\"Rybakina trop forte pour Anisimova : la Kazakhstanaise lance parfaitement ses WTA Finals\"\/><\/p>\n<p>Pas de round d\u2019observation entre Elena Rybakina et Amanda Anisimova. Pour leur premi\u00e8re confrontation, la Kazakhstanaise a impos\u00e9 sa loi sur le court de Riyad. Avec cette victoire ma\u00eetris\u00e9e, elle d\u00e9marre les WTA Finals sur les chapeaux de roue et prend d\u00e9j\u00e0 une option sur les demi-finales.<\/p>\n<p>Apr\u00e8s la d\u00e9monstration d\u2019Iga Swiatek face \u00e0 Madison Keys, la premi\u00e8re journ\u00e9e du groupe Serena Williams s\u2019est conclue par la rencontre entre Amanda Anisimova et Elena Rybakina.<\/p>\n<p>Malgr\u00e9 plusieurs ann\u00e9es pass\u00e9es sur le circuit, les deux joueuses ne s\u2019\u00e9taient encore jamais crois\u00e9es en comp\u00e9tition officielle.<\/p>\n<p>Anisimova, finaliste cette saison \u00e0 Wimbledon et \u00e0 l\u2019US Open, mais aussi titr\u00e9e \u00e0 Doha et P\u00e9kin, d\u00e9couvre les WTA Finals pour la premi\u00e8re fois de sa carri\u00e8re. Rybakina, de son c\u00f4t\u00e9, dispute sa troisi\u00e8me \u00e9dition cons\u00e9cutive apr\u00e8s avoir atteint les demi-finales \u00e0 Tokyo la semaine derni\u00e8re.<\/p>\n<p>Cet affrontement in\u00e9dit a tourn\u00e9 \u00e0 l\u2019avantage de la Kazakhstanaise, victorieuse 6-3, 6-1 en 58 minutes. Un break pr\u00e9coce dans chaque manche lui a suffi pour faire la diff\u00e9rence, port\u00e9e par une efficacit\u00e9 remarquable derri\u00e8re sa premi\u00e8re balle (87% de points remport\u00e9s).<\/p>\n<p>Gr\u00e2ce \u00e0 ce succ\u00e8s ma\u00eetris\u00e9, Rybakina lance id\u00e9alement son tournoi et esp\u00e8re enfin franchir le cap de la phase de groupes. Anisimova, quant \u00e0 elle, devra imp\u00e9rativement r\u00e9agir lundi face \u00e0 sa compatriote Madison Keys pour rester en lice.<\/p>\n","protected":false},"excerpt":{"rendered":"Pas de round d\u2019observation entre Elena Rybakina et Amanda Anisimova. Pour leur premi\u00e8re confrontation, la Kazakhstanaise a impos\u00e9&hellip;\n","protected":false},"author":2,"featured_media":505482,"comment_status":"","ping_status":"","sticky":false,"template":"","format":"standard","meta":{"footnotes":""},"categories":[1415],"tags":[1011,27,60,1467],"class_list":{"0":"post-505481","1":"post","2":"type-post","3":"status-publish","4":"format-standard","5":"has-post-thumbnail","7":"category-tennis","8":"tag-fr","9":"tag-france","10":"tag-sports","11":"tag-tennis"},"share_on_mastodon":{"url":"https:\/\/pubeurope.com\/@fr\/115476738371817971","error":""},"_links":{"self":[{"href":"https:\/\/www.europesays.com\/fr\/wp-json\/wp\/v2\/posts\/505481","targetHints":{"allow":["GET"]}}],"collection":[{"href":"https:\/\/www.europesays.com\/fr\/wp-json\/wp\/v2\/posts"}],"about":[{"href":"https:\/\/www.europesays.com\/fr\/wp-json\/wp\/v2\/types\/post"}],"author":[{"embeddable":true,"href":"https:\/\/www.europesays.com\/fr\/wp-json\/wp\/v2\/users\/2"}],"replies":[{"embeddable":true,"href":"https:\/\/www.europesays.com\/fr\/wp-json\/wp\/v2\/comments?post=505481"}],"version-history":[{"count":0,"href":"https:\/\/www.europesays.com\/fr\/wp-json\/wp\/v2\/posts\/505481\/revisions"}],"wp:featuredmedia":[{"embeddable":true,"href":"https:\/\/www.europesays.com\/fr\/wp-json\/wp\/v2\/media\/505482"}],"wp:attachment":[{"href":"https:\/\/www.europesays.com\/fr\/wp-json\/wp\/v2\/media?parent=505481"}],"wp:term":[{"taxonomy":"category","embeddable":true,"href":"https:\/\/www.europesays.com\/fr\/wp-json\/wp\/v2\/categories?post=505481"},{"taxonomy":"post_tag","embeddable":true,"href":"https:\/\/www.europesays.com\/fr\/wp-json\/wp\/v2\/tags?post=505481"}],"curies":[{"name":"wp","href":"https:\/\/api.w.org\/{rel}","templated":true}]}}