{"id":505483,"date":"2025-11-01T22:15:12","date_gmt":"2025-11-01T22:15:12","guid":{"rendered":"https:\/\/www.europesays.com\/fr\/505483\/"},"modified":"2025-11-01T22:15:12","modified_gmt":"2025-11-01T22:15:12","slug":"quentin-bourg-pour-la-derniere-avec-dijon-actualite","status":"publish","type":"post","link":"https:\/\/www.europesays.com\/fr\/505483\/","title":{"rendered":"Quentin Bourg, pour la derni\u00e8re avec Dijon &#8211; Actualit\u00e9"},"content":{"rendered":"<p style=\"text-align: justify;\">Avec le cap du 1er novembre,\u00a0<strong><a href=\"https:\/\/www.directvelo.com\/coureur\/24653\/quentin-bourg\" target=\"_blank\" rel=\"noopener\">Quentin Bourg<\/a><\/strong> aurait pu porter un autre maillot, ce samedi, au cyclo-cross de Dijon. Mais en l&rsquo;honneur de ses quatre saisons pass\u00e9es au SCO Dijon-Team Mat\u00e9riel-velo.com, celui qui va partir du c\u00f4t\u00e9 du VC Dolois a pr\u00e9f\u00e9r\u00e9 jouer la carte de la nostalgie. \u00ab\u00a0J&rsquo;\u00e9tais un peu dans le flou. Je ne savais pas si je devais porter le maillot de Dole ou de Dijon. Je me suis dit allez, pour le dernier maillot de Dijon port\u00e9&#8230; \u00c7a fait un petit clin d&rsquo;\u0153il en plus pour l&rsquo;organisation du SCO. C&rsquo;est top et en plus avec la victoire, c&rsquo;est parfait\u00a0\u00bb. Une victoire c\u00e9l\u00e9br\u00e9e en affichant avec ses mains le nom de l&rsquo;\u00e9quipe dijonnaise.<\/p>\n<p>Quentin Bourg ne s&rsquo;imaginait pas vraiment \u00eatre dans cette position. \u00ab\u00a0J&rsquo;ai surpris un peu tout le monde. Alexis (Vivot) a bien suivi pendant un petit moment. Je n&rsquo;\u00e9tais pas serein quand m\u00eame parce que je sais qu&rsquo;il est tr\u00e8s \u00e0 l&rsquo;aise techniquement. Il a montr\u00e9 les derni\u00e8res semaines qu&rsquo;il \u00e9tait fort aussi. Je m&rsquo;\u00e9tais dit que \u00e7a allait \u00eatre une belle bataille, voire que je n&rsquo;allais pas jouer la gagne du tout\u00a0\u00bb. Le gar\u00e7on de 24 ans s&rsquo;est rappel\u00e9 \u00e0 ses premi\u00e8res amours. \u00ab\u00a0Je n&rsquo;en fais plus \u00e9norm\u00e9ment. Mais j&rsquo;en ai fait beaucoup quand j&rsquo;\u00e9tais Junior. Mes meilleures ann\u00e9es \u00e9taient en cyclo-cross avec la Coupe de France, des manches de Coupe du Monde, les Championnats de France. C&rsquo;est vraiment une discipline de c\u0153ur, l\u00e0 o\u00f9 j&rsquo;ai commenc\u00e9. D\u00e8s que je peux, j&rsquo;aime bien refaire un peu de cross l&rsquo;hiver\u00a0\u00bb.<\/p>\n<p><strong>\u00ab IL FAUT AUSSI PENSER \u00c0 LA VIE \u00c0 C\u00d4T\u00c9 \u00bb<\/strong><\/p>\n<p>Encore une fois, il y a une forme de nostalgie. \u00ab\u00a0On est comme des gamins, on est dans la boue. Quand \u00e7a glisse et qu&rsquo;il faut vraiment piloter, ce sont vraiment des efforts que j&rsquo;aime bien. C&rsquo;est vraiment tr\u00e8s, tr\u00e8s plaisant pour moi\u00a0\u00bb. Cette victoire \u00e0 Dijon ne devrait pas le remettre n\u00e9anmoins sur le chemin des sous-bois. \u00ab\u00a0Ce n&rsquo;est pas l&rsquo;objectif. Apr\u00e8s, je ne suis pas contre, mais les saisons de cyclo-cross, \u00e7a co\u00fbte vraiment tr\u00e8s, tr\u00e8s cher si on veut vraiment faire du haut niveau. Donc sans structure, pour moi c&rsquo;est presque impossible\u00a0\u00bb. Puis il n&rsquo;y a pas que le v\u00e9lo dans la vie de Quentin Bourg. \u00ab\u00a0Il faut aussi penser \u00e0 la vie \u00e0 c\u00f4t\u00e9, se faire plaisir en dehors du v\u00e9lo\u00a0\u00bb.<\/p>\n<p>Quentin Bourg se plait avec son \u00e9quilibre. \u00ab\u00a0J&rsquo;adore venir sur des r\u00e9gionaux. Ce sont de petites courses o\u00f9 on se fait mal, on retrouve les copains, c&rsquo;est parfait\u00a0\u00bb. Son calendrier ne va pas s&rsquo;\u00e9toffer pour autant. \u00ab\u00a0Je n&rsquo;\u00e9tais pas trop pour et finalement je me suis pris au jeu. On me pr\u00eate des v\u00e9los, on me pr\u00eate du mat\u00e9riel. Donc je n&rsquo;ai pas pu refuser. Je ne ferai pas la saison compl\u00e8te, parce qu&rsquo;il faudra penser \u00e0 souffler un petit peu le temps de se ressourcer. Mais pourquoi pas en refaire en janvier pour finir la saison de cross et entamer une nouvelle saison de route\u00a0\u00bb.<\/p>\n<p><strong>\u00ab ON GARDE VRAIMENT DE TR\u00c8S BONS LIENS \u00bb<\/strong><\/p>\n<p>Mais cette fois, l&rsquo;ancien et futur coureur du VC Dolois aura bien ses nouvelles couleurs. Le point final avec le club dijonnais est bien pos\u00e9. \u00ab\u00a0J&rsquo;ai vraiment fait quatre belles saisons. On a toujours \u00e9t\u00e9 bien entour\u00e9. Je remercie vraiment toute l&rsquo;\u00e9quipe pour m&rsquo;avoir accueilli, m&rsquo;avoir mis dans des conditions extr\u00eamement bonnes. On a eu de super groupes. C&rsquo;est ce qui fait qu&rsquo;on a eu de la r\u00e9ussite. Dole n&rsquo;est pas tr\u00e8s loin, on se reverra. J&rsquo;aurai l&rsquo;occasion de repasser au club. On garde de tr\u00e8s bons liens\u00a0\u00bb. Il n&rsquo;y a que des bons souvenirs dans son esprit. \u00ab\u00a0J&rsquo;ai toujours un peu fait le clown avec certains autres. Je pense que \u00e7a fait partie aussi de la r\u00e9ussite de l&rsquo;\u00e9quipe en g\u00e9n\u00e9ral. Il y a eu une super osmose\u00a0\u00bb.<\/p>\n<p>\u00c0 titre purement personnel, tout n&rsquo;a pas toujours \u00e9t\u00e9 rose. Son corps a souvent fait des siennes. \u00ab\u00a0Les deux premi\u00e8res ann\u00e9es, voire les trois, je n&rsquo;ai pas \u00e9t\u00e9 \u00e9pargn\u00e9 en d\u00e9but de saison. La premi\u00e8re ann\u00e9e, j&rsquo;ai eu une grosse douleur au genou. La deuxi\u00e8me saison, je me suis cass\u00e9 la clavicule donc j&rsquo;ai \u00e9t\u00e9 absent trois mois. L&rsquo;ann\u00e9e derni\u00e8re, j&rsquo;ai encore eu un petit souci au genou. Il n&rsquo;y a vraiment que cette ann\u00e9e o\u00f9 j&rsquo;ai pu faire une saison pleine sans trop de p\u00e9pins\u00a0\u00bb. Peut-\u00eatre a-t-il aussi \u00e9t\u00e9 plus \u00e0 l&rsquo;\u00e9coute de son corps. \u00ab\u00a0J&rsquo;ai \u00e9t\u00e9 plus sage aussi. Mais il ne faut pas avoir de regrets. Faire des saisons compl\u00e8tes avec le boulot, c&rsquo;\u00e9tait mission impossible de toute fa\u00e7on. Je n&rsquo;ai jamais fait que du v\u00e9lo, donc je ne regrette pas\u00a0\u00bb. Et c&rsquo;est l&rsquo;essentiel pour Quentin Bourg.<\/p>\n","protected":false},"excerpt":{"rendered":"Avec le cap du 1er novembre,\u00a0Quentin Bourg aurait pu porter un autre maillot, ce samedi, au cyclo-cross de&hellip;\n","protected":false},"author":2,"featured_media":505484,"comment_status":"","ping_status":"","sticky":false,"template":"","format":"standard","meta":{"footnotes":""},"categories":[1411],"tags":[834,828,836,829,837,827,83,826,824,823,1154,207,814,817,815,816,822,821,832,211,839,1011,27,820,818,819,835,831,830,833,838,60,212,208,825],"class_list":{"0":"post-505483","1":"post","2":"type-post","3":"status-publish","4":"format-standard","5":"has-post-thumbnail","7":"category-cyclisme","8":"tag-attaque","9":"tag-belgique","10":"tag-braquet","11":"tag-bretagne","12":"tag-chute","13":"tag-competition","14":"tag-coupe-de-france","15":"tag-coureur","16":"tag-course-cyclisme","17":"tag-course-cycliste","18":"tag-cycling","19":"tag-cyclisme","20":"tag-direct","21":"tag-direct-velo","22":"tag-directvelo","23":"tag-directvelo-com","24":"tag-epreuve","25":"tag-epreuve-cycliste","26":"tag-federation-francaise-de-cyclisme","27":"tag-ffc","28":"tag-flandres","29":"tag-fr","30":"tag-france","31":"tag-live","32":"tag-live-course","33":"tag-live-epreuve","34":"tag-peloton","35":"tag-radio-peloton","36":"tag-radio-tour","37":"tag-ravitaillement","38":"tag-relance","39":"tag-sports","40":"tag-uci","41":"tag-velo","42":"tag-velos"},"share_on_mastodon":{"url":"https:\/\/pubeurope.com\/@fr\/115476753573396788","error":""},"_links":{"self":[{"href":"https:\/\/www.europesays.com\/fr\/wp-json\/wp\/v2\/posts\/505483","targetHints":{"allow":["GET"]}}],"collection":[{"href":"https:\/\/www.europesays.com\/fr\/wp-json\/wp\/v2\/posts"}],"about":[{"href":"https:\/\/www.europesays.com\/fr\/wp-json\/wp\/v2\/types\/post"}],"author":[{"embeddable":true,"href":"https:\/\/www.europesays.com\/fr\/wp-json\/wp\/v2\/users\/2"}],"replies":[{"embeddable":true,"href":"https:\/\/www.europesays.com\/fr\/wp-json\/wp\/v2\/comments?post=505483"}],"version-history":[{"count":0,"href":"https:\/\/www.europesays.com\/fr\/wp-json\/wp\/v2\/posts\/505483\/revisions"}],"wp:featuredmedia":[{"embeddable":true,"href":"https:\/\/www.europesays.com\/fr\/wp-json\/wp\/v2\/media\/505484"}],"wp:attachment":[{"href":"https:\/\/www.europesays.com\/fr\/wp-json\/wp\/v2\/media?parent=505483"}],"wp:term":[{"taxonomy":"category","embeddable":true,"href":"https:\/\/www.europesays.com\/fr\/wp-json\/wp\/v2\/categories?post=505483"},{"taxonomy":"post_tag","embeddable":true,"href":"https:\/\/www.europesays.com\/fr\/wp-json\/wp\/v2\/tags?post=505483"}],"curies":[{"name":"wp","href":"https:\/\/api.w.org\/{rel}","templated":true}]}}