{"id":505489,"date":"2025-11-01T22:18:21","date_gmt":"2025-11-01T22:18:21","guid":{"rendered":"https:\/\/www.europesays.com\/fr\/505489\/"},"modified":"2025-11-01T22:18:21","modified_gmt":"2025-11-01T22:18:21","slug":"philip-guston-deploie-toute-son-irreverence-au-musee-picasso","status":"publish","type":"post","link":"https:\/\/www.europesays.com\/fr\/505489\/","title":{"rendered":"Philip Guston d\u00e9ploie toute son irr\u00e9v\u00e9rence au mus\u00e9e Picasso"},"content":{"rendered":"<p class=\"editor-content__paragraph\">C\u2019est l\u2019une des plus importantes expositions de l\u2019automne\u00a0: <strong>le peintre et dessinateur am\u00e9ricain <a href=\"https:\/\/www.beauxarts.com\/expos\/le-bad-trip-de-philip-guston-a-venise\/\" target=\"_blank\" rel=\"noopener\">Philip Guston<\/a><\/strong> (1913\u20131980) est mis \u00e0 l\u2019honneur au <strong>mus\u00e9e national Picasso-Paris<\/strong>, sous le titre <strong>\u00ab\u00a0Philip Guston. L\u2019ironie de l\u2019histoire\u00a0\u00bb<\/strong>. Sur les murs\u00a0? Une vingtaine de toiles, certaines de grand format, et une quarantaine d\u2019\u0153uvres sur papier.<\/p>\n<p class=\"editor-content__paragraph\">Co-commissaire avec Joanne Snrech, <strong> Didier Ottinger<\/strong>, conservateur g\u00e9n\u00e9ral du patrimoine, explique que le titre de cette r\u00e9trospective \u00ab\u00a0renvoie \u00e0 l\u2019affinit\u00e9 profonde entre Guston et Picasso\u00a0: la <strong>capacit\u00e9 \u00e0 lier le sublime et le grotesque<\/strong>\u00a0\u00bb. Sublime, car \u00ab\u00a0c\u2019est merveilleusement peint\u00a0\u00bb, pr\u00e9cise-t-il, mais grotesque car les artistes s\u2019appliquent \u00e0 des \u00ab\u00a0sujets qui sont <strong>apparemment tout \u00e0 fait d\u00e9risoires<\/strong>, et en font <strong>des tableaux sans \u00e9quivalent<\/strong> dans la peinture moderne.\u00a0\u00bb<\/p>\n<p>De la figuration \u00e0 l\u2019abstraction\u2026<\/p>\n<p class=\"editor-content__paragraph\"><a href=\"https:\/\/www.beauxarts.com\/grand-format\/pablo-picasso-en-3-minutes\/\" target=\"_blank\" rel=\"noopener\">Picasso<\/a> et Guston dialoguent ainsi dans un parcours qui retrace l\u2019ensemble du parcours du peintre am\u00e9ricain. Avec d\u2019abord, une salle consacr\u00e9e \u00e0 <strong>ses d\u00e9buts parmi les muralistes<\/strong>, \u00ab\u00a0\u00e9cole figurative et assez engag\u00e9e socialement\u00a0\u00bb, qui le place tr\u00e8s t\u00f4t <strong>parmi les peintres les plus importants des \u00c9tats-Unis<\/strong>.<\/p>\n<p class=\"editor-content__paragraph\"><strong>\u00ab\u00a0Converti \u00e0 la peinture abstraite\u00a0\u00bb<\/strong> par son camarade <a href=\"https:\/\/www.beauxarts.com\/grand-format\/jackson-pollock-en-2-minutes\/\" target=\"_blank\" rel=\"noopener\">Jackson Pollock<\/a>, qui l\u2019invite \u00e0 rejoindre dans leurs recherches les peintres de New York, Guston exp\u00e9rimente une<strong> abstraction radicale<\/strong>. \u00ab\u00a0Il couvre le tableau de gestes\u00a0; il croit que la peinture prend le pas sur l\u2019artiste et lui<strong> impose un ordre<\/strong>, et une forme, qui est celle de l\u2019abstraction radicale.\u00a0\u00bb<\/p>\n<p>\u2026et vice versa<\/p>\n<blockquote class=\"editor-content__blockquote editor-content__blockquote--align-left\">\n<p>Philip Guston entend peindre ce que le monde produit de pire.<\/p>\n<\/blockquote>\n<p class=\"editor-content__paragraph\">Contre toute attente, peu de temps apr\u00e8s, Philip Guston change encore une fois radicalement de cap et<strong> se replonge dans la figuration<\/strong>. Mais, cette fois-ci, il s\u2019inscrit dans un <strong>\u00ab\u00a0mauvais go\u00fbt extr\u00eame, pour l\u2019\u00e9poque\u00a0\u00bb<\/strong>, qui rejoint les outrances de la bande dessin\u00e9e. Il entend ainsi peindre <strong>ce que le monde produit de pire<\/strong>, notamment en repr\u00e9sentant les personnages encapuchonn\u00e9s du Ku Klux Klan. \u00ab\u00a0Il rencontre \u00e0 ce moment-l\u00e0<strong> Philip Roth<\/strong>\u00a0\u00bb\u00a0; et r\u00e9alise toute une s\u00e9rie de dessins pour son roman Tricard Dixon et ses copains (en v.o.\u00a0: Our Gang).<\/p>\n<p class=\"editor-content__paragraph\">La langue de l\u2019un s\u2019accorde \u00e0 l\u2019esth\u00e9tique de l\u2019autre pour se faire la caisse de r\u00e9sonance d\u2019une <strong>Am\u00e9rique p\u00e9trie de contradictions<\/strong>. Tr\u00e8s admir\u00e9, Philip Guston <strong>inspirera toute une g\u00e9n\u00e9ration d\u2019artistes<\/strong>, qui travailleront, eux aussi, une figuration hant\u00e9e par le \u00ab\u00a0cauchemar am\u00e9ricain\u00a0\u00bb, comme l\u2019illustre <a href=\"https:\/\/www.beauxarts.com\/expos\/artiste-culte-de-lunderground-californien-raymond-pettibon-devoile-ses-dessins-feroces-au-musee-picasso\/\" target=\"_blank\" rel=\"noopener\"><strong>l\u2019exposition d\u00e9di\u00e9e \u00e0 Raymond Pettibon<\/strong><\/a>, \u00e0 d\u00e9couvrir au niveau inf\u00e9rieur du mus\u00e9e.<\/p>\n<p class=\"editor-content__paragraph\">Texte\u00a0: Ma\u00eflys Celeux-Lanval\u00a0<\/p>\n<p>        \u00c0 lire aussi :<br \/>\n        <a class=\"renvoi-explicite__link\" href=\"https:\/\/www.beauxarts.com\/expos\/artiste-culte-de-lunderground-californien-raymond-pettibon-devoile-ses-dessins-feroces-au-musee-picasso\/\" target=\"_blank\" rel=\"noopener\">Artiste culte de l&rsquo;underground californien, Raymond Pettibon d\u00e9voile ses dessins f\u00e9roces au mus\u00e9e Picasso<\/a><\/p>\n<p>  Arrow<\/p>\n<p>Philip Guston. L\u2019ironie de l\u2019histoire<\/p>\n<p>Du 14 octobre 2025 au 1 mars 2026<\/p>\n<p class=\"url-expo\"><a href=\"https:\/\/www.museepicassoparis.fr\/fr\/philip-guston-lironie-de-lhistoire\" target=\"_blank\" rel=\"noopener\">www.museepicassoparis.fr<\/a><\/p>\n<p class=\"annexe-content__infos\">Mus\u00e9e national Picasso &#8211; Paris \u2022 5, rue de Thorigny \u2022 75003 Paris<br \/><a href=\"http:\/\/www.museepicassoparis.fr\/\" target=\"_blank\" rel=\"noopener\">www.museepicassoparis.fr<\/a><\/p>\n","protected":false},"excerpt":{"rendered":"C\u2019est l\u2019une des plus importantes expositions de l\u2019automne\u00a0: le peintre et dessinateur am\u00e9ricain Philip Guston (1913\u20131980) est mis&hellip;\n","protected":false},"author":2,"featured_media":505490,"comment_status":"","ping_status":"","sticky":false,"template":"","format":"standard","meta":{"footnotes":""},"categories":[1358],"tags":[12870,1348,1384,1385,1386,58,59,62692,1011,27,3406,4579,1585,62693],"class_list":{"0":"post-505489","1":"post","2":"type-post","3":"status-publish","4":"format-standard","5":"has-post-thumbnail","7":"category-arts-et-design","8":"tag-art-moderne","9":"tag-arts","10":"tag-arts-and-design","11":"tag-arts-et-design","12":"tag-design","13":"tag-divertissement","14":"tag-entertainment","15":"tag-expo-en-video","16":"tag-fr","17":"tag-france","18":"tag-musee-national-picasso-paris","19":"tag-partenaire","20":"tag-peinture","21":"tag-philip-guston"},"share_on_mastodon":{"url":"https:\/\/pubeurope.com\/@fr\/115476765288346278","error":""},"_links":{"self":[{"href":"https:\/\/www.europesays.com\/fr\/wp-json\/wp\/v2\/posts\/505489","targetHints":{"allow":["GET"]}}],"collection":[{"href":"https:\/\/www.europesays.com\/fr\/wp-json\/wp\/v2\/posts"}],"about":[{"href":"https:\/\/www.europesays.com\/fr\/wp-json\/wp\/v2\/types\/post"}],"author":[{"embeddable":true,"href":"https:\/\/www.europesays.com\/fr\/wp-json\/wp\/v2\/users\/2"}],"replies":[{"embeddable":true,"href":"https:\/\/www.europesays.com\/fr\/wp-json\/wp\/v2\/comments?post=505489"}],"version-history":[{"count":0,"href":"https:\/\/www.europesays.com\/fr\/wp-json\/wp\/v2\/posts\/505489\/revisions"}],"wp:featuredmedia":[{"embeddable":true,"href":"https:\/\/www.europesays.com\/fr\/wp-json\/wp\/v2\/media\/505490"}],"wp:attachment":[{"href":"https:\/\/www.europesays.com\/fr\/wp-json\/wp\/v2\/media?parent=505489"}],"wp:term":[{"taxonomy":"category","embeddable":true,"href":"https:\/\/www.europesays.com\/fr\/wp-json\/wp\/v2\/categories?post=505489"},{"taxonomy":"post_tag","embeddable":true,"href":"https:\/\/www.europesays.com\/fr\/wp-json\/wp\/v2\/tags?post=505489"}],"curies":[{"name":"wp","href":"https:\/\/api.w.org\/{rel}","templated":true}]}}