{"id":505507,"date":"2025-11-01T22:28:14","date_gmt":"2025-11-01T22:28:14","guid":{"rendered":"https:\/\/www.europesays.com\/fr\/505507\/"},"modified":"2025-11-01T22:28:14","modified_gmt":"2025-11-01T22:28:14","slug":"donald-trump-menace-le-nigeria-dune-action-militaire-pour-les-meurtres-de-chretiens-2","status":"publish","type":"post","link":"https:\/\/www.europesays.com\/fr\/505507\/","title":{"rendered":"Donald Trump menace le Nigeria d&rsquo;une action militaire pour \u00ables meurtres de chr\u00e9tiens\u00bb"},"content":{"rendered":"<p>\n    \u00abSi le gouvernement nig\u00e9rian continue de tol\u00e9rer les meurtres de chr\u00e9tiens, les \u00c9tats-Unis pourraient tr\u00e8s bien aller dans ce pays d\u00e9sormais d\u00e9shonor\u00e9 en d\u00e9fouraillant \u00e0 tout-va\u00bb, a d\u00e9clar\u00e9 le pr\u00e9sident des \u00c9tats-Unis.<\/p>\n<p class=\"fig-paragraph\">Donald Trump a menac\u00e9 samedi le Nigeria d&rsquo;une action militaire si le pays le plus peupl\u00e9 d&rsquo;Afrique n&rsquo;arr\u00eate pas ce que le pr\u00e9sident am\u00e9ricain consid\u00e8re\u00a0<a href=\"http:\/\/www.lefigaro.fr\/flash-actu\/le-christianisme-est-confronte-a-une-menace-existentielle-au-nigeria-affirme-donald-trump-20251031\" data-fig-type=\"NewsFlash\" data-gtm-custom-categorie=\"navigation\" data-gtm-custom-action=\"crossclick\" data-gtm-custom-label=\"Contextuel\" data-gtm-event=\"customEventSPE\" data-fig-domain=\"LEFIGARO\" rel=\"nofollow noopener\" target=\"_blank\">comme des \u00abmeurtres de chr\u00e9tiens\u00bb<\/a>\u00a0par des \u00abterroristes islamistes\u00bb.<\/p>\n<p class=\"fig-paragraph\">\u00abSi le gouvernement nig\u00e9rian continue de tol\u00e9rer les meurtres de chr\u00e9tiens, les \u00c9tats-Unis cesseront imm\u00e9diatement toute aide au Nigeria, et pourraient tr\u00e8s bien aller dans ce pays d\u00e9sormais d\u00e9shonor\u00e9 en d\u00e9fouraillant \u00e0 tout-va, pour an\u00e9antir compl\u00e8tement\u00a0<a href=\"http:\/\/www.lefigaro.fr\/flash-actu\/niger-l-armee-annonce-avoir-tue-un-chef-de-boko-haram-20250822\" data-fig-type=\"NewsFlash\" data-gtm-custom-categorie=\"navigation\" data-gtm-custom-action=\"crossclick\" data-gtm-custom-label=\"Contextuel\" data-gtm-event=\"customEventSPE\" data-fig-domain=\"LEFIGARO\" rel=\"nofollow noopener\" target=\"_blank\">les terroristes islamistes<\/a> \u00a0qui commettent ces atrocit\u00e9s horribles. J&rsquo;ordonne au minist\u00e8re de la Guerre de se pr\u00e9parer \u00e0 une \u00e9ventuelle action\u00bb, a \u00e9crit le pr\u00e9sident am\u00e9ricain sur sa plateforme Truth Social.<\/p>\n<p>                                    <a class=\"fig-a11y-skip a11y-hidden\" href=\"#fig-a11y-skip-main-inarticle\"><br \/>\n        Passer la publicit\u00e9<br \/>\n    <\/a><\/p>\n<p class=\"fig-paragraph\">Les autorit\u00e9s nig\u00e9rianes d\u00e9mentent les accusations de pers\u00e9cution des chr\u00e9tiens dans le pays.<\/p>\n","protected":false},"excerpt":{"rendered":"\u00abSi le gouvernement nig\u00e9rian continue de tol\u00e9rer les meurtres de chr\u00e9tiens, les \u00c9tats-Unis pourraient tr\u00e8s bien aller dans&hellip;\n","protected":false},"author":2,"featured_media":505508,"comment_status":"","ping_status":"","sticky":false,"template":"","format":"standard","meta":{"footnotes":""},"categories":[5],"tags":[11,9485,1011,27,14,12,4778,28],"class_list":{"0":"post-505507","1":"post","2":"type-post","3":"status-publish","4":"format-standard","5":"has-post-thumbnail","7":"category-international","8":"tag-actualites","9":"tag-chretiens","10":"tag-fr","11":"tag-france","12":"tag-international","13":"tag-news","14":"tag-nigeria","15":"tag-world"},"share_on_mastodon":{"url":"https:\/\/pubeurope.com\/@fr\/115476804832341513","error":""},"_links":{"self":[{"href":"https:\/\/www.europesays.com\/fr\/wp-json\/wp\/v2\/posts\/505507","targetHints":{"allow":["GET"]}}],"collection":[{"href":"https:\/\/www.europesays.com\/fr\/wp-json\/wp\/v2\/posts"}],"about":[{"href":"https:\/\/www.europesays.com\/fr\/wp-json\/wp\/v2\/types\/post"}],"author":[{"embeddable":true,"href":"https:\/\/www.europesays.com\/fr\/wp-json\/wp\/v2\/users\/2"}],"replies":[{"embeddable":true,"href":"https:\/\/www.europesays.com\/fr\/wp-json\/wp\/v2\/comments?post=505507"}],"version-history":[{"count":0,"href":"https:\/\/www.europesays.com\/fr\/wp-json\/wp\/v2\/posts\/505507\/revisions"}],"wp:featuredmedia":[{"embeddable":true,"href":"https:\/\/www.europesays.com\/fr\/wp-json\/wp\/v2\/media\/505508"}],"wp:attachment":[{"href":"https:\/\/www.europesays.com\/fr\/wp-json\/wp\/v2\/media?parent=505507"}],"wp:term":[{"taxonomy":"category","embeddable":true,"href":"https:\/\/www.europesays.com\/fr\/wp-json\/wp\/v2\/categories?post=505507"},{"taxonomy":"post_tag","embeddable":true,"href":"https:\/\/www.europesays.com\/fr\/wp-json\/wp\/v2\/tags?post=505507"}],"curies":[{"name":"wp","href":"https:\/\/api.w.org\/{rel}","templated":true}]}}