{"id":505513,"date":"2025-11-01T22:31:24","date_gmt":"2025-11-01T22:31:24","guid":{"rendered":"https:\/\/www.europesays.com\/fr\/505513\/"},"modified":"2025-11-01T22:31:24","modified_gmt":"2025-11-01T22:31:24","slug":"des-navettes-gratuites-pour-la-toussaint","status":"publish","type":"post","link":"https:\/\/www.europesays.com\/fr\/505513\/","title":{"rendered":"Des navettes gratuites pour la Toussaint"},"content":{"rendered":"<p><img decoding=\"async\" class=\"\" style=\"width:100%\" src=\"https:\/\/www.europesays.com\/fr\/wp-content\/uploads\/2025\/11\/StEtienne_01729651698395443523.jpg\" alt=\"Navette\"\/><\/p>\n<p>Cr\u00e9dit : Photo Ville Saint-Etienne <\/p>\n<p>A l\u2019occasion de la Toussaint, vous avez peut-\u00eatre envie de vous rendre dans les cimeti\u00e8res. Que ce soit \u00e0 C\u00f4te-Chaude, Montmartre, Le Soleil ou encore \u00e0 Terrenoire, pas de pnaique si vous n&rsquo;avez pas de voiture. La Ville, en collaboration avec la Stas, met en place des navettes gratuites ce vendredi 31 octobre ainsi que ce samedi 1er novembre, pour y acc\u00e9der plus facilement, et de mani\u00e8re \u00e9cologique.\u00a0<\/p>\n<p>Dans le d\u00e9tail :<br \/><strong>Navettes cimeti\u00e8re de Montmartre<\/strong> &#8211; vendredi 31 octobre et samedi 1er novembre &#8211; d\u00e9part place Raspail \u00e0 partir de 14h00 (toutes les 20 minutes)<\/p>\n<p class=\"xmsonormal\"><strong>Navettes cimeti\u00e8re de C\u00f4te-Chaude <\/strong>&#8211; vendredi 31 octobre et samedi 1er novembre &#8211; d\u00e9part place de la R\u00e9publique (arr\u00eat C\u00f4te-Chaude de la ligne M7) \u00e0 partir de 14h15 (toutes les 15 minutes)<\/p>\n<p class=\"xmsonormal\"><strong>Navettes cimeti\u00e8re du Soleil<\/strong> \u2013 samedi 1er novembre \u2013 d\u00e9part square Violette \u00e0 partir de 14h15 (toutes les 30 minutes)<\/p>\n<p class=\"xmsonormal\"><strong>Navettes cimeti\u00e8re de Valbeno\u00eete<\/strong> \u2013 samedi 1er novembre \u2013 d\u00e9part place Jean-Moulin \u00e0 partir de 14h00 (toutes les 30 minutes)<\/p>\n<p class=\"xmsonormal\"><strong>Navettes cimeti\u00e8re du Cr\u00eat-de-Roc<\/strong> \u2013 samedi 1er novembre \u2013 d\u00e9part H\u00f4tel de ville (arr\u00eat lignes 12, 13, 16, 21) \u00e0 partir de 9h00 (toutes les 30 minutes) et l\u2019apr\u00e8s-midi \u00e0 partir de 14h15 (toutes les 30 minutes)<\/p>\n<p class=\"xmsonormal\"><strong>Navettes cimeti\u00e8re de Terrenoire<\/strong>, samedi 1er novembre \u2013 d\u00e9part depuis le terminus de la ligne M3 (Terrenoire) \u00e0 partir de 13h30 (toutes les 35 minutes)<\/p>\n","protected":false},"excerpt":{"rendered":"Cr\u00e9dit : Photo Ville Saint-Etienne A l\u2019occasion de la Toussaint, vous avez peut-\u00eatre envie de vous rendre dans&hellip;\n","protected":false},"author":2,"featured_media":505514,"comment_status":"","ping_status":"","sticky":false,"template":"","format":"standard","meta":{"footnotes":""},"categories":[9653],"tags":[1111,11,2430,7048,1777,674,1011,27,3367,5652,12,25,55668,4001,10919],"class_list":{"0":"post-505513","1":"post","2":"type-post","3":"status-publish","4":"format-standard","5":"has-post-thumbnail","7":"category-saint-etienne","8":"tag-actu","9":"tag-actualites","10":"tag-auvergne-rhone-alpes","11":"tag-bus","12":"tag-eu","13":"tag-europe","14":"tag-fr","15":"tag-france","16":"tag-loire","17":"tag-navettes","18":"tag-news","19":"tag-republique-francaise","20":"tag-saint_etienne","21":"tag-saint-etienne","22":"tag-toussaint"},"share_on_mastodon":{"url":"https:\/\/pubeurope.com\/@fr\/115476817168151477","error":""},"_links":{"self":[{"href":"https:\/\/www.europesays.com\/fr\/wp-json\/wp\/v2\/posts\/505513","targetHints":{"allow":["GET"]}}],"collection":[{"href":"https:\/\/www.europesays.com\/fr\/wp-json\/wp\/v2\/posts"}],"about":[{"href":"https:\/\/www.europesays.com\/fr\/wp-json\/wp\/v2\/types\/post"}],"author":[{"embeddable":true,"href":"https:\/\/www.europesays.com\/fr\/wp-json\/wp\/v2\/users\/2"}],"replies":[{"embeddable":true,"href":"https:\/\/www.europesays.com\/fr\/wp-json\/wp\/v2\/comments?post=505513"}],"version-history":[{"count":0,"href":"https:\/\/www.europesays.com\/fr\/wp-json\/wp\/v2\/posts\/505513\/revisions"}],"wp:featuredmedia":[{"embeddable":true,"href":"https:\/\/www.europesays.com\/fr\/wp-json\/wp\/v2\/media\/505514"}],"wp:attachment":[{"href":"https:\/\/www.europesays.com\/fr\/wp-json\/wp\/v2\/media?parent=505513"}],"wp:term":[{"taxonomy":"category","embeddable":true,"href":"https:\/\/www.europesays.com\/fr\/wp-json\/wp\/v2\/categories?post=505513"},{"taxonomy":"post_tag","embeddable":true,"href":"https:\/\/www.europesays.com\/fr\/wp-json\/wp\/v2\/tags?post=505513"}],"curies":[{"name":"wp","href":"https:\/\/api.w.org\/{rel}","templated":true}]}}