{"id":505519,"date":"2025-11-01T22:38:23","date_gmt":"2025-11-01T22:38:23","guid":{"rendered":"https:\/\/www.europesays.com\/fr\/505519\/"},"modified":"2025-11-01T22:38:23","modified_gmt":"2025-11-01T22:38:23","slug":"lubb-enchaine-toulon-samuse-perpignan-debloque-son-compteur","status":"publish","type":"post","link":"https:\/\/www.europesays.com\/fr\/505519\/","title":{"rendered":"l&rsquo;UBB encha\u00eene, Toulon s&rsquo;amuse, Perpignan d\u00e9bloque son compteur"},"content":{"rendered":"<p>  L&rsquo;UBB et Clermont\u00a0font la bonne op\u00e9ration<\/p>\n<p>Apr\u00e8s un d\u00e9but de saison bien moins tranchant que la fin du dernier exercice, l&rsquo;UBB retrouve le sourire.\u00a0Sans ses internationaux et sans plusieurs cadres bless\u00e9s, Bordeaux-B\u00e8gles est all\u00e9 chercher une victoire pr\u00e9cieuse \u00e0 Castres (28-26) ce samedi pour le compte de la neuvi\u00e8me journ\u00e9e de Top 14.<\/p>\n<p>Il s&rsquo;agit de la\u00a0deuxi\u00e8me victoire des Bordelo-B\u00e9glais \u00e0 l&rsquo;ext\u00e9rieur cette saison, <a href=\"https:\/\/www.ledauphine.com\/sport\/2025\/10\/18\/top-14-bordeaux-begles-se-relance-la-rochelle-sans-pitie\" target=\"_blank\" rel=\"nofollow noopener\">quinze jours apr\u00e8s leur victoire \u00e0 Perpignan<\/a> (12-27). Les champions d&rsquo;Europe remontent ainsi provisoirement deuxi\u00e8mes du Top 14.<\/p>\n<p>Dans un match terne en points, Clermont a \u00e9galement fait une bonne op\u00e9ration en s&rsquo;imposant sur la pelouse de Montpellier (9-7).\u00a0Avec cette victoire, l&rsquo;ASM passe en positif (5 victoires, 4 d\u00e9faites) et remonte au septi\u00e8me rang au classement. Le MHR reste onzi\u00e8me.<\/p>\n<p>Montauban\u00a0gifl\u00e9,\u00a0Perpignan\u00a0enfin lanc\u00e9<\/p>\n<p>La forteresse Jean-Dauger est toujours imprenable. L&rsquo;Aviron Bayonnais a sign\u00e9 une 19e victoire de suite dans son stade ce samedi en \u00e9cransant le promu Montauban (49-7). Ce match \u00e9tait un affaire de doubl\u00e9 puisque Lucas Martin en a sign\u00e9 un (3e, 18e) avant que l&rsquo;intenable Tom Spring ne l&rsquo;imite (30e, 37e).\u00a0Avec ce succ\u00e8s bonifi\u00e9, Bayonne\u00a0pointe provisoirement sur le podium (3e) avant la tr\u00eave internationnale.<\/p>\n<p>Ce contenu est bloqu\u00e9 car vous n&rsquo;avez pas accept\u00e9 les cookies et autres traceurs.<\/p>\n<p>En cliquant sur \u00ab J\u2019accepte \u00bb, les cookies et autres traceurs seront d\u00e9pos\u00e9s et vous pourrez visualiser les contenus  (<a href=\"\" class=\"consentModule_policy\" target=\"_blank\" title=\"Consulter la politique de protection des donn\u00e9es du fournisseur\">plus d&rsquo;informations<\/a>).<\/p>\n<p>En cliquant sur \u00ab J\u2019accepte tous les cookies \u00bb, vous autorisez des d\u00e9p\u00f4ts de cookies et autres traceurs pour le stockage de vos donn\u00e9es sur nos sites et applications \u00e0 des fins de personnalisation et de ciblage publicitaire.<\/p>\n<p class=\"consentModule_secondaryText\">Vous gardez la possibilit\u00e9 de retirer votre consentement \u00e0 tout moment en consultant notre <a href=\"https:\/\/www.ledauphine.com\/protection-des-donnees\" target=\"_blank\" title=\"Consulter notre politique de protection des donn\u00e9es\" rel=\"nofollow noopener\">politique de protection des donn\u00e9es<\/a>. <br \/>&#13;<br \/>\n            <a href=\"https:\/\/www.ledauphine.com\/sport\/2025\/11\/01\/javascript:Didomi.notice.show()\" class=\"consentModule_cmp\" rel=\"nofollow noopener\" target=\"_blank\">G\u00e9rer mes choix<\/a>&#13;\n        <\/p>\n<p>&#13;<br \/>\n                        J&rsquo;accepte&#13;<br \/>\n            J&rsquo;accepte tous les cookies&#13;\n        <\/p>\n<p>Toujours pas de succ\u00e8s pour Perpignan mais les Catalans s&rsquo;en rapprochent. Et m\u00eame s&rsquo;ils se sont inclin\u00e9s sur la pelouse de Pau (27-23), <a href=\"https:\/\/www.ledauphine.com\/sport\/2025\/10\/27\/bon-dernier-de-top-14-perpignan-se-separe-de-franck-azema\" target=\"_blank\" rel=\"nofollow noopener\">les joueurs de Mathieu Cidre<\/a> ont r\u00e9colt\u00e9 leur premier point de la saison avec le bonus d\u00e9fensif. En souffrance mais sans rompre totalement, la Section paloise l&rsquo;a emport\u00e9 pour retrouver provisoirement le fauteuil de leader.<\/p>\n<p>Le RCT en passe six \u00e0 Lyon<\/p>\n<p>A l&rsquo;image de Bayonne, les Toulonnais ont fait le boulot sans trembler (54-21) en d\u00e9but d&rsquo;apr\u00e8s-midi dans leur antre de Mayol, avec huit essais inflig\u00e9s \u00e0 des Lyonnais qui comptent d\u00e9sormais cinq d\u00e9faites sur leurs six derni\u00e8res rencontres et sont coinc\u00e9s \u00e0 la 12e place.<\/p>\n<p>Avec quatre essais de son pack, ultra-dominateur, dont un de <a href=\"https:\/\/www.ledauphine.com\/p\/charles-ollivon\" target=\"_blank\" rel=\"nofollow noopener\">Charles Ollivon<\/a>, pour f\u00eater sa convocation chez les Bleus, le RCT (24 pts) est d\u00e9sormais pr\u00e8s du podium, \u00e0 quatre longueurs des Palois et une des Toulousains et Parisiens. Et le club de la rade pourrait se retrouver encore plus haut dans une semaine, apr\u00e8s son match en retard, \u00e0 domicile encore, contre La Rochelle.<\/p>\n","protected":false},"excerpt":{"rendered":"L&rsquo;UBB et Clermont\u00a0font la bonne op\u00e9ration Apr\u00e8s un d\u00e9but de saison bien moins tranchant que la fin du&hellip;\n","protected":false},"author":2,"featured_media":505520,"comment_status":"","ping_status":"","sticky":false,"template":"","format":"standard","meta":{"footnotes":""},"categories":[9619],"tags":[1111,11,1777,674,107,1011,27,12,882,25,479,517,1947,2310],"class_list":{"0":"post-505519","1":"post","2":"type-post","3":"status-publish","4":"format-standard","5":"has-post-thumbnail","7":"category-toulon","8":"tag-actu","9":"tag-actualites","10":"tag-eu","11":"tag-europe","12":"tag-fil-info","13":"tag-fr","14":"tag-france","15":"tag-news","16":"tag-provence-alpes-cote-dazur","17":"tag-republique-francaise","18":"tag-rugby","19":"tag-sport","20":"tag-sport-national","21":"tag-toulon"},"share_on_mastodon":{"url":"https:\/\/pubeurope.com\/@fr\/115476844041557546","error":""},"_links":{"self":[{"href":"https:\/\/www.europesays.com\/fr\/wp-json\/wp\/v2\/posts\/505519","targetHints":{"allow":["GET"]}}],"collection":[{"href":"https:\/\/www.europesays.com\/fr\/wp-json\/wp\/v2\/posts"}],"about":[{"href":"https:\/\/www.europesays.com\/fr\/wp-json\/wp\/v2\/types\/post"}],"author":[{"embeddable":true,"href":"https:\/\/www.europesays.com\/fr\/wp-json\/wp\/v2\/users\/2"}],"replies":[{"embeddable":true,"href":"https:\/\/www.europesays.com\/fr\/wp-json\/wp\/v2\/comments?post=505519"}],"version-history":[{"count":0,"href":"https:\/\/www.europesays.com\/fr\/wp-json\/wp\/v2\/posts\/505519\/revisions"}],"wp:featuredmedia":[{"embeddable":true,"href":"https:\/\/www.europesays.com\/fr\/wp-json\/wp\/v2\/media\/505520"}],"wp:attachment":[{"href":"https:\/\/www.europesays.com\/fr\/wp-json\/wp\/v2\/media?parent=505519"}],"wp:term":[{"taxonomy":"category","embeddable":true,"href":"https:\/\/www.europesays.com\/fr\/wp-json\/wp\/v2\/categories?post=505519"},{"taxonomy":"post_tag","embeddable":true,"href":"https:\/\/www.europesays.com\/fr\/wp-json\/wp\/v2\/tags?post=505519"}],"curies":[{"name":"wp","href":"https:\/\/api.w.org\/{rel}","templated":true}]}}