{"id":50552,"date":"2025-04-25T01:18:14","date_gmt":"2025-04-25T01:18:14","guid":{"rendered":"https:\/\/www.europesays.com\/fr\/50552\/"},"modified":"2025-04-25T01:18:14","modified_gmt":"2025-04-25T01:18:14","slug":"kinugawa-le-restaurant-japonais-de-la-jet-set-sinstalle-rive-gauche","status":"publish","type":"post","link":"https:\/\/www.europesays.com\/fr\/50552\/","title":{"rendered":"Kinugawa, le restaurant japonais de la jet-set, s\u2019installe rive gauche"},"content":{"rendered":"<p><b>CRITIQUE GASTRONOMIQUE &#8211;<\/b> Apr\u00e8s Vend\u00f4me et Matignon, l\u2019enseigne nippone chic s\u2019installe sur le toit de l\u2019H\u00f4tel Sax.<\/p>\n<p class=\"fig-paragraph\">Il faudra un jour d\u2019humour tenter une courte psychanalyse des restaurants, introspecter les schizos, les paranos, les hyst\u00e9ros, mais, en attendant, neuf \u00e0 la semaine, nul besoin de coller celui-ci sur un divan. Car lui visiblement trop bien dans sa verticale, dans son bonsoir l\u00e0-haut, carr\u00e9ment perch\u00e9 au septi\u00e8me ciel du septi\u00e8me \u00e9tage d\u2019un h\u00f4tel ralliant Paris \u00e0 <a href=\"https:\/\/www.lefigaro.fr\/gastronomie\/vous-et-anata-a-megeve-la-gastronomie-autrement-par-julien-gatillon-co-20250214\" data-fig-type=\"Article\" data-gtm-custom-categorie=\"navigation\" data-gtm-custom-action=\"crossclick\" data-gtm-custom-label=\"Contextuel\" data-gtm-event=\"customEventSPE\" data-fig-domain=\"LEFIGARO\" target=\"_blank\" rel=\"noopener\">Meg\u00e8ve<\/a>, Saint-Trop, Saint-Barth.<\/p>\n<p class=\"fig-paragraph\">Vous voyez le genre et son genre pas piqu\u00e9 de la paillette, sur les aiguilles de tous les talons, sur toutes les l\u00e8vres pas vraiment pinc\u00e9es, sur son orbite de lam\u00e9, de l\u00e9opard et de lunettes noires. De ce genre que certains &#8211;\u00a0sinc\u00e8res comme jaloux\u00a0&#8211; adorent d\u00e9tester sans que cela fasse, ici, fr\u00e9mir le riz des petits sushis. De ce genre tellement assum\u00e9 que s\u2019en offusquer s\u2019\u00e9puiserait tr\u00e8s vite \u00e0 reprocher au Festival de Cannes son tapis rouge, au PSG son Qatar et au caviar de vendre ch\u00e8rement son grain.<\/p>\n<p class=\"fig-body-link\">\n            \u00c0 lire aussi<br \/>\n        <a class=\"fig-body-link__link\" href=\"https:\/\/www.lefigaro.fr\/sortir-paris\/pink-koi-le-restaurant-immersif-japonais-qui-s-egare-dans-la-techno-20250418\" data-fig-type=\"Article\" data-gtm-custom-categorie=\"navigation\" data-gtm-custom-action=\"crossclick\" data-gtm-custom-label=\"Contextuel\" data-gtm-event=\"customEventSPE\" data-fig-domain=\"LEFIGARO\" target=\"_blank\" rel=\"noopener\">Pink Ko\u00ef, le restaurant immersif japonais qui s\u2019\u00e9gare dans la techno<br \/>\n    <\/a>\n<\/p>\n<p class=\"fig-paragraph\">De ce genre Kinugawa qui, dans les ann\u00e9es 1990 d\u00e9j\u00e0, r\u00e9v\u00e9lait, avant l\u2019heure, le sushi aux nuits\u2026<\/p>\n<p class=\"fig-premium-paywall__infos\">\n        Cet article est r\u00e9serv\u00e9 aux abonn\u00e9s.        Il vous reste 67% \u00e0 d\u00e9couvrir.\n    <\/p>\n<p>                <img  data- alt=\"Le Figaro\" class=\"fig-img--complete fig-img\"\/><\/p>\n<p class=\"fig-premium-paywall__title\">Vous avez envie de lire la suite ?<\/p>\n<p class=\"fig-premium-paywall__subtitle\">D\u00e9bloquez tous les articles imm\u00e9diatement.<\/p>\n<p class=\"fig-premium-paywall__connect\">\n                D\u00e9j\u00e0 abonn\u00e9\u00a0?                <a class=\"fig-premium-paywall__connect-link\" href=\"https:\/\/connect.lefigaro.fr\/login?client=horizon_web&amp;type=main&amp;redirect_uri=https%3A%2F%2Fwww.lefigaro.fr%2Fgastronomie%2Fkinugawa-le-restaurant-japonais-de-la-jet-set-s-installe-rive-gauche-20250424\" data-js-gtm=\"{&quot;customCategorie&quot;: &quot;conversion&quot;, &quot;customAction&quot;: &quot;before_Landing_Connexion_paywall_auto&quot;, &quot;customLabel&quot;: &quot;bGVmaWdhcm8uZnJfXzY5NTI0ZDFjLTIwZWItMTFmMC1hMjY3LTI3MDg0ZGU5NWUxMV9fQXJ0aWNsZQ==_Kinugawa, le restaurant japonais de la jet-set, s\u2019installe rive gauche_93&quot;, &quot;customIDSPE&quot;: &quot;bGVmaWdhcm8uZnJfXzY5NTI0ZDFjLTIwZWItMTFmMC1hMjY3LTI3MDg0ZGU5NWUxMV9fQXJ0aWNsZQ==&quot;, &quot;event&quot;: &quot;customEventSPE&quot;}\" target=\"_blank\" rel=\"noopener\"><br \/>\n                    Connectez-vous<br \/>\n                <\/a>\n            <\/p>\n","protected":false},"excerpt":{"rendered":"CRITIQUE GASTRONOMIQUE &#8211; Apr\u00e8s Vend\u00f4me et Matignon, l\u2019enseigne nippone chic s\u2019installe sur le toit de l\u2019H\u00f4tel Sax. Il&hellip;\n","protected":false},"author":2,"featured_media":50553,"comment_status":"","ping_status":"","sticky":false,"template":"","format":"standard","meta":{"footnotes":""},"categories":[1888],"tags":[1111,2016,2018,2015,2019,11,2020,1777,674,1011,27,12,626,25,1340,2021,2068,2017],"class_list":{"0":"post-50552","1":"post","2":"type-post","3":"status-publish","4":"format-standard","5":"has-post-thumbnail","7":"category-paris","8":"tag-actu","9":"tag-actu-gastronomie","10":"tag-actu-recette","11":"tag-actualite-gastronomie","12":"tag-actualite-nutrition","13":"tag-actualites","14":"tag-culinaire","15":"tag-eu","16":"tag-europe","17":"tag-fr","18":"tag-france","19":"tag-news","20":"tag-paris","21":"tag-republique-francaise","22":"tag-restaurant","23":"tag-restauration","24":"tag-sortir-a-paris","25":"tag-tendance-cuisine"},"share_on_mastodon":{"url":"https:\/\/pubeurope.com\/@fr\/114395972363684482","error":""},"_links":{"self":[{"href":"https:\/\/www.europesays.com\/fr\/wp-json\/wp\/v2\/posts\/50552","targetHints":{"allow":["GET"]}}],"collection":[{"href":"https:\/\/www.europesays.com\/fr\/wp-json\/wp\/v2\/posts"}],"about":[{"href":"https:\/\/www.europesays.com\/fr\/wp-json\/wp\/v2\/types\/post"}],"author":[{"embeddable":true,"href":"https:\/\/www.europesays.com\/fr\/wp-json\/wp\/v2\/users\/2"}],"replies":[{"embeddable":true,"href":"https:\/\/www.europesays.com\/fr\/wp-json\/wp\/v2\/comments?post=50552"}],"version-history":[{"count":0,"href":"https:\/\/www.europesays.com\/fr\/wp-json\/wp\/v2\/posts\/50552\/revisions"}],"wp:featuredmedia":[{"embeddable":true,"href":"https:\/\/www.europesays.com\/fr\/wp-json\/wp\/v2\/media\/50553"}],"wp:attachment":[{"href":"https:\/\/www.europesays.com\/fr\/wp-json\/wp\/v2\/media?parent=50552"}],"wp:term":[{"taxonomy":"category","embeddable":true,"href":"https:\/\/www.europesays.com\/fr\/wp-json\/wp\/v2\/categories?post=50552"},{"taxonomy":"post_tag","embeddable":true,"href":"https:\/\/www.europesays.com\/fr\/wp-json\/wp\/v2\/tags?post=50552"}],"curies":[{"name":"wp","href":"https:\/\/api.w.org\/{rel}","templated":true}]}}