{"id":505525,"date":"2025-11-01T22:42:20","date_gmt":"2025-11-01T22:42:20","guid":{"rendered":"https:\/\/www.europesays.com\/fr\/505525\/"},"modified":"2025-11-01T22:42:20","modified_gmt":"2025-11-01T22:42:20","slug":"pres-de-rouen-ce-groupe-de-danse-folklorique-normande-sinquiete","status":"publish","type":"post","link":"https:\/\/www.europesays.com\/fr\/505525\/","title":{"rendered":"pr\u00e8s de Rouen, ce groupe de danse folklorique normande s&rsquo;inqui\u00e8te"},"content":{"rendered":"<p>            Par<br \/>\n        <strong><br \/>\n            <a href=\"https:\/\/actu.fr\/auteur\/emilien-jacques\" title=\"Consulter tous les articles de Emilien Jacques\" target=\"_blank\" rel=\"noopener\">Emilien Jacques<\/a><br \/>\n        <\/strong><\/p>\n<p>        Publi\u00e9 le<\/p>\n<p>            1 nov. 2025 \u00e0 18h05        <\/p>\n<p><strong>Les traditions normandes seraient-elles en train de se perdre ?<\/strong> C\u2019est en tout cas la crainte des membres de la Saint-Jean d\u2019\u00c9t\u00e9, pr\u00e8s de <a href=\"https:\/\/actu.fr\/normandie\/rouen_76540\" target=\"_blank\" rel=\"noopener\">Rouen<\/a>, qui voient leur groupe de danse folklorique s\u2019\u00e9tioler au fil des ans. Aujourd\u2019hui, ils ne sont plus que sept \u00e0 se r\u00e9unir chaque semaine, dont cinq assuraient la r\u00e9p\u00e9tition du jeudi 16 octobre, dans la salle polyvalente d\u2019Auzouville-sur-Ry.<\/p>\n<p>\u00ab Garder les traditions normandes \u00bb<\/p>\n<p class=\" wall-content\">On pourrait les appeler les rescap\u00e9s du folklore normand. Fran\u00e7oise, Lucienne, Aude, Roger, Michel, Edith et Maryse sont les sept membres de la Saint-Jean d\u2019\u00c9t\u00e9, le groupe de danse folklorique du club des a\u00een\u00e9s ruraux du Plateau Darn\u00e9tal-Boos.<\/p>\n<p class=\" wall-content\">Michel, le pr\u00e9sident historique, rappelle les valeurs de ce collectif cr\u00e9\u00e9 il y a plus de 30 ans : \u00ab Notre but est de garder les traditions normandes \u00bb. Pour ce faire, de nombreuses danses sont pratiqu\u00e9es dans d\u2019authentiques costumes de ville et de paysans. Parmi elles : vals, polka, rondes\u2026 \u00ab Des danses que l\u2019on retrouve dans les bals, certaines sont intemporelles. \u00bb, pr\u00e9cise Roger.<\/p>\n<p>La danse folklorique en perte de vitesse<\/p>\n<p class=\" wall-content\">Cette danse folklorique locale, la Saint-Jean d\u2019\u00c9t\u00e9 l\u2019a longtemps fait vivre dans les maisons de retraite et autres f\u00eates du village, \u00e0 l\u2019\u00e9poque o\u00f9 le groupe approchait la vingtaine de membres. Mais aujourd\u2019hui, ces repr\u00e9sentations sont impossibles \u00e0 cause du trop faible nombre de participants. \u00ab Ce sont des danses qui se font principalement en bin\u00f4me \u00bb, explique Michel. \u00ab Depuis que l\u2019on n\u2019est que sept, on ne fait plus de prestations. Il faudrait \u00eatre huit \u00bb, regrette-t-il.<\/p>\n<p class=\" wall-content\">Une situation frustrante pour les danseurs, d\u2019autant plus qu\u2019ils observent, dans d\u2019autres r\u00e9gions comme la Bretagne, par exemple, un engouement encore tr\u00e8s fort pour le folklore traditionnel. \u00ab Le folklore est un peu moins pr\u00e9sent en Normandie \u00bb, constate am\u00e8rement Roger.<\/p>\n<p class=\" wall-content\">Avec plus de d\u00e9parts que d\u2019arriv\u00e9es au sein de la Saint-Jean d\u2019\u00c9t\u00e9, le difficile renouvellement des membres du groupe menace aussi sa p\u00e9rennit\u00e9. \u00ab Beaucoup de personnes baissent les bras \u00e0 cause de l\u2019\u00e2ge \u00bb, observe Lucienne, une des danseuses de la premi\u00e8re heure. \u00ab Il y a aussi les jeunes retrait\u00e9s qui sont moins motiv\u00e9s\u2026 on a du mal \u00e0 trouver des jeunes \u00bb, ajoute-t-elle. \u00ab On est en survie \u00bb, n\u2019h\u00e9site pas \u00e0 alerter Roger.<\/p>\n<p>La Saint-Jean d\u2019\u00c9t\u00e9 recrute !<\/p>\n<p class=\" wall-content\">Le groupe exprime un besoin urgent de grossir ses rangs, et appelle vivement les \u00e9ventuels int\u00e9ress\u00e9s \u00e0 les rejoindre, qu\u2019ils soient danseurs confirm\u00e9s ou non. \u00ab Toute personne qui se pr\u00e9sente est la bienvenue ! \u00bb, insiste Roger. Les repr\u00e9sentations pourraient ainsi reprendre, et le contact avec le public se renouer.<\/p>\n<p>Votre r\u00e9gion, votre actu !<\/p>\n<p>Recevez chaque jour les infos qui comptent pour vous.<\/p>\n<p>\t<a href=\"https:\/\/actu.fr\/newsletter\" class=\"ac-btn ac-btn--corner ac-btn--medium ac-btn--blue800\" target=\"_blank\" rel=\"noopener\">S&rsquo;incrire<\/a><\/p>\n<blockquote class=\"ac-article-quote wall-content\">\n<p>\u00c7a maintient en forme, et il y a les rencontres !<\/p>\n<p>Lucienne, membre de la Saint-Jean d\u2019\u00c9t\u00e9.<\/p><\/blockquote>\n<p class=\" wall-content\">Les danseurs folkloriques normands n\u2019oublient pas de souligner les vertus de leur pratique favorite : \u00ab \u00c7a maintient en forme, et il y a les rencontres ! \u00bb, assure Lucienne, qui parle de leur rassemblement hebdomadaire comme bon moyen de rompre l\u2019isolement social. \u00ab On travaille la m\u00e9moire, l\u2019ou\u00efe, le souffle \u00bb, d\u00e9taille \u00e0 son tour Aude, 58\u00a0ans, la cadette du groupe.<\/p>\n<p class=\" wall-content\">Outre les danseurs, un instrumentiste est aussi invit\u00e9 \u00e0 rejoindre la Saint-Jean d\u2019\u00c9t\u00e9. \u00ab On avait un accord\u00e9oniste jusqu\u2019en 2012, il y a beaucoup plus d\u2019ambiance avec de vrais musiciens \u00bb, \u00e9voque Fran\u00e7oise.<\/p>\n<p class=\" wall-content\">Pleine d\u2019optimisme, elle reste convaincue que la danse folklorique normande a encore de l\u2019avenir : \u00ab On n\u2019a pas perdu espoir ! \u00bb Si l\u2019avenir de la Saint-Jean d\u2019Et\u00e9 reste incertain, une chose est s\u00fbre : la passion pour cette tradition et le plaisir de danser ensemble ne la quitteront jamais.<\/p>\n<p>Contact : 02 35 79 02 43 : <a href=\"https:\/\/actu.fr\/cdn-cgi\/l\/email-protection\" class=\"__cf_email__\" data-cfemail=\"93fff2bde0f2fafde7f9f6f2fdd3fce1f2fdf4f6bdf5e1\" target=\"_blank\" rel=\"noopener\">[email\u00a0protected]<\/a> R\u00e9p\u00e9titions tous les jeudis de 14 h \u00e0 15 h 30 \u00e0 la salle polyvalente d\u2019Auzouville-sur-Ry.Suivez l\u2019actualit\u00e9 de Rouen <a href=\"https:\/\/www.whatsapp.com\/channel\/0029VaKfnf99hXF2ddApFB1D\" target=\"_blank\" rel=\"noopener\">sur notre cha\u00eene WhatsApp<\/a> et <a href=\"https:\/\/www.tiktok.com\/@76actu.fr?lang=fr\" target=\"_blank\" rel=\"noopener\">sur notre compte TikTok<\/a><\/p>\n<p class=\" wall-content\">Personnalisez votre actualit\u00e9 en ajoutant vos villes et m\u00e9dias en favori avec <a href=\"https:\/\/moncompte.actu.fr\" title=\"D\u00e9couvez Mon Actu\" rel=\"nofollow noopener\" data-trk=\"{&quot;cta&quot;:{&quot;action&quot;:&quot;https:\\\/\\\/moncompte.actu.fr&quot;,&quot;category&quot;:&quot;mon compte&quot;,&quot;from&quot;:&quot;article footer&quot;,&quot;name&quot;:&quot;Mon actu&quot;,&quot;type&quot;:&quot;cta&quot;}}\" target=\"_blank\">Mon Actu<\/a>.<\/p>\n<p>                    <script async src=\"\/\/www.tiktok.com\/embed.js\"><\/script><\/p>\n","protected":false},"excerpt":{"rendered":"Par Emilien Jacques Publi\u00e9 le 1 nov. 2025 \u00e0 18h05 Les traditions normandes seraient-elles en train de se&hellip;\n","protected":false},"author":2,"featured_media":505526,"comment_status":"","ping_status":"","sticky":false,"template":"","format":"standard","meta":{"footnotes":""},"categories":[9587],"tags":[1111,11,5972,1777,674,1011,27,1652,12,5161,2551,25,9590],"class_list":{"0":"post-505525","1":"post","2":"type-post","3":"status-publish","4":"format-standard","5":"has-post-thumbnail","7":"category-rouen","8":"tag-actu","9":"tag-actualites","10":"tag-danse","11":"tag-eu","12":"tag-europe","13":"tag-fr","14":"tag-france","15":"tag-loisirs-culture","16":"tag-news","17":"tag-normandie","18":"tag-patrimoine","19":"tag-republique-francaise","20":"tag-rouen"},"share_on_mastodon":{"url":"https:\/\/pubeurope.com\/@fr\/115476859734976779","error":""},"_links":{"self":[{"href":"https:\/\/www.europesays.com\/fr\/wp-json\/wp\/v2\/posts\/505525","targetHints":{"allow":["GET"]}}],"collection":[{"href":"https:\/\/www.europesays.com\/fr\/wp-json\/wp\/v2\/posts"}],"about":[{"href":"https:\/\/www.europesays.com\/fr\/wp-json\/wp\/v2\/types\/post"}],"author":[{"embeddable":true,"href":"https:\/\/www.europesays.com\/fr\/wp-json\/wp\/v2\/users\/2"}],"replies":[{"embeddable":true,"href":"https:\/\/www.europesays.com\/fr\/wp-json\/wp\/v2\/comments?post=505525"}],"version-history":[{"count":0,"href":"https:\/\/www.europesays.com\/fr\/wp-json\/wp\/v2\/posts\/505525\/revisions"}],"wp:featuredmedia":[{"embeddable":true,"href":"https:\/\/www.europesays.com\/fr\/wp-json\/wp\/v2\/media\/505526"}],"wp:attachment":[{"href":"https:\/\/www.europesays.com\/fr\/wp-json\/wp\/v2\/media?parent=505525"}],"wp:term":[{"taxonomy":"category","embeddable":true,"href":"https:\/\/www.europesays.com\/fr\/wp-json\/wp\/v2\/categories?post=505525"},{"taxonomy":"post_tag","embeddable":true,"href":"https:\/\/www.europesays.com\/fr\/wp-json\/wp\/v2\/tags?post=505525"}],"curies":[{"name":"wp","href":"https:\/\/api.w.org\/{rel}","templated":true}]}}