{"id":505527,"date":"2025-11-01T22:43:11","date_gmt":"2025-11-01T22:43:11","guid":{"rendered":"https:\/\/www.europesays.com\/fr\/505527\/"},"modified":"2025-11-01T22:43:11","modified_gmt":"2025-11-01T22:43:11","slug":"les-tours-de-lile-verte-emergent","status":"publish","type":"post","link":"https:\/\/www.europesays.com\/fr\/505527\/","title":{"rendered":"Les tours de l\u2019\u00cele Verte \u00e9mergent"},"content":{"rendered":"<p>Vendredi matin, l\u2019agglom\u00e9ration grenobloise s\u2019est en partie envelopp\u00e9e d\u2019une \u00e9paisse couche nuageuse. Sur la route d\u2019un reportage dans le Vercors, la fen\u00eatre paysag\u00e8re d\u00e9frich\u00e9e il y a quelques ann\u00e9es par le Parc naturel r\u00e9gional offre une vue parfaite pour capturer les trois tours de l\u2019\u00cele Verte qui \u00e9mergent et dressent comme une fronti\u00e8re naturelle.<\/p>\n","protected":false},"excerpt":{"rendered":"Vendredi matin, l\u2019agglom\u00e9ration grenobloise s\u2019est en partie envelopp\u00e9e d\u2019une \u00e9paisse couche nuageuse. Sur la route d\u2019un reportage dans&hellip;\n","protected":false},"author":2,"featured_media":505528,"comment_status":"","ping_status":"","sticky":false,"template":"","format":"standard","meta":{"footnotes":""},"categories":[9566],"tags":[1111,11,2430,112,436,1777,674,1011,27,2731,2732,12,25],"class_list":{"0":"post-505527","1":"post","2":"type-post","3":"status-publish","4":"format-standard","5":"has-post-thumbnail","7":"category-grenoble","8":"tag-actu","9":"tag-actualites","10":"tag-auvergne-rhone-alpes","11":"tag-edition-grenoble-agglomeration","12":"tag-environnement","13":"tag-eu","14":"tag-europe","15":"tag-fr","16":"tag-france","17":"tag-grenoble","18":"tag-grenoble-bassin","19":"tag-news","20":"tag-republique-francaise"},"share_on_mastodon":{"url":"https:\/\/pubeurope.com\/@fr\/115476863740727586","error":""},"_links":{"self":[{"href":"https:\/\/www.europesays.com\/fr\/wp-json\/wp\/v2\/posts\/505527","targetHints":{"allow":["GET"]}}],"collection":[{"href":"https:\/\/www.europesays.com\/fr\/wp-json\/wp\/v2\/posts"}],"about":[{"href":"https:\/\/www.europesays.com\/fr\/wp-json\/wp\/v2\/types\/post"}],"author":[{"embeddable":true,"href":"https:\/\/www.europesays.com\/fr\/wp-json\/wp\/v2\/users\/2"}],"replies":[{"embeddable":true,"href":"https:\/\/www.europesays.com\/fr\/wp-json\/wp\/v2\/comments?post=505527"}],"version-history":[{"count":0,"href":"https:\/\/www.europesays.com\/fr\/wp-json\/wp\/v2\/posts\/505527\/revisions"}],"wp:featuredmedia":[{"embeddable":true,"href":"https:\/\/www.europesays.com\/fr\/wp-json\/wp\/v2\/media\/505528"}],"wp:attachment":[{"href":"https:\/\/www.europesays.com\/fr\/wp-json\/wp\/v2\/media?parent=505527"}],"wp:term":[{"taxonomy":"category","embeddable":true,"href":"https:\/\/www.europesays.com\/fr\/wp-json\/wp\/v2\/categories?post=505527"},{"taxonomy":"post_tag","embeddable":true,"href":"https:\/\/www.europesays.com\/fr\/wp-json\/wp\/v2\/tags?post=505527"}],"curies":[{"name":"wp","href":"https:\/\/api.w.org\/{rel}","templated":true}]}}