{"id":505529,"date":"2025-11-01T22:44:39","date_gmt":"2025-11-01T22:44:39","guid":{"rendered":"https:\/\/www.europesays.com\/fr\/505529\/"},"modified":"2025-11-01T22:44:39","modified_gmt":"2025-11-01T22:44:39","slug":"ligue-2-dunkerque-et-grenoble-font-chuter-reims-et-amiens-ligue-2-j13","status":"publish","type":"post","link":"https:\/\/www.europesays.com\/fr\/505529\/","title":{"rendered":"Ligue 2 : Dunkerque et Grenoble font chuter Reims et Amiens &#8211; Ligue 2 &#8211; J13"},"content":{"rendered":"<p>Qui a dit que le milieu de tableau de Ligue 2 n\u2019avait pas de spectacle \u00e0 offrir ?<\/p>\n<p>Au stade Auguste-Delaune, <strong>Reims s\u2019est cass\u00e9 les dents sur une solide \u00e9quipe de Dunkerque (1-2)<\/strong>. Les R\u00e9mois avaient pourtant pens\u00e9 avoir fait le plus dur en ouvrant le score \u00e0 la demi-heure, sur un tir de Sergio Akieme \u00e0 l\u2019entr\u00e9e de la surface, repouss\u00e9 par le poteau sur le dos du malheureux gardien dunkerquois, Mathys Niflore (25e). Reims va cependant s\u2019endormir au lieu de profiter de l\u2019avantage, et conc\u00e9der l\u2019\u00e9galisation quasiment dans la foul\u00e9e, la faute \u00e0 la frappe crois\u00e9e, du gauche, de Marco Essimi (39e). Au retour des vestiaires, Thomas Robinet a finalement offert la victoire aux siens sur penalty (48e), \u00e0 la suite d\u2019une poussette \u2013 vraiment g\u00e9n\u00e9reuse \u2013 de N\u2019Tamon Elie Ahouonon sur Gessime Yassine, qui touchait alors l\u2019un de ses tout premiers ballons. Dunkerque passe septi\u00e8me, avec une place d\u2019avance sur son adversaire du jour gr\u00e2ce \u00e0 la diff\u00e9rence de but.<\/p>\n<p>Un peu plus \u00e0 l\u2019est, <strong>c\u2019est Amiens qui a subi la loi d\u2019un autre visiteur : Grenoble (2-3)<\/strong>. Un match marqu\u00e9 par les erreurs d\u00e9fensives. Opportuniste \u00e0 la suite d\u2019un mini-cafouillage de Matth\u00e9o Xantippe a ainsi mis les Is\u00e9rois devant (17e), suivi de Nesta Elphege \u00e0 la r\u00e9ception d\u2019un coup franc de Jessy Benet et dont le marquage adverse n\u2019a pas fait honneur \u00e0 son pr\u00e9nom (34e). Amiens a, malgr\u00e9 tout, trouv\u00e9 la ressource pour revenir. D\u2019abord gr\u00e2ce \u00e0 Siaka Bakayoko, qui a profit\u00e9 de l\u2019arr\u00eat non ma\u00eetris\u00e9 de Mamadou Diop pour suivre et pousser le ballon au fond (59e), puis avec Rayan Lutin, seul au moment de placer sa vol\u00e9e car compl\u00e8tement oubli\u00e9 au point de penalty (62e). \u00c0 dix minutes du terme, c\u2019est finalement Yadaly Diaby qui a eu le dernier mot pour Grenoble, en marquant un copier-coller du but de Bakayoko, avec, cette fois, Paul Bernardoni dans le r\u00f4le du gardien aux mains savonneuses (79e). Rien \u00e0 signaler au classement : Amiens stagne \u00e0 la douzi\u00e8me place, Grenoble se donne un peu d\u2019air en remontant au quatorzi\u00e8me rang, avec trois points d\u2019avance sur le barragiste Boulogne-sur-Mer.<\/p>\n<p>Huit buts en deux matchs, soit le m\u00eame total que celui de vendredi\u2026 en cinq rencontres.<\/p>\n<p>Les r\u00e9sultats :<br \/>\n<img decoding=\"async\" loading=\"lazy\" class=\"blason blason-petit\" src=\"https:\/\/www.europesays.com\/fr\/wp-content\/uploads\/2025\/04\/1745798060_389_grande.jpg\"\/> Reims 1-2 Dunkerque <img decoding=\"async\" loading=\"lazy\" class=\"blason blason-petit\" src=\"https:\/\/www.europesays.com\/fr\/wp-content\/uploads\/2025\/10\/1760843742_866_grande.jpg\"\/><\/p>\n<p>Buts : Niflore (25e, CSC) pour les R\u00e9mois \/\/ Essimi (39e) et Robinet (48e, SP) pour l\u2019ULSD<\/p>\n<p><img decoding=\"async\" loading=\"lazy\" class=\"blason blason-petit\" src=\"https:\/\/www.europesays.com\/fr\/wp-content\/uploads\/2025\/09\/1758671835_640_grande.jpg\"\/> Amiens 2-3 Grenoble <img decoding=\"async\" loading=\"lazy\" class=\"blason blason-petit\" src=\"https:\/\/www.europesays.com\/fr\/wp-content\/uploads\/2025\/04\/1744621099_274_grande.jpg\"\/><\/p>\n<p>Buts : Bakayoko (59e) et Lutin (62e) pour l\u2019ASC \/\/ Xantippe (17e), Elphege (34e) et Yadaly Diaby (79e) pour le GF38<\/p>\n<p>\t\t\t\t\t\t\t\t\t\t<a class=\"lien-connexe\" href=\"https:\/\/www.sofoot.com\/breves\/en-ligue-2-saint-etienne-conserve-sa-place-de-leader-messi-buteur-avec-pau-bastia-toujours-pas-vainqueur\" rel=\"nofollow noopener\" target=\"_blank\">Les Verts encore leaders, Messi buteur, Bastia toujours pas vainqueur <\/a>\t\t\t\t\t<\/p>\n","protected":false},"excerpt":{"rendered":"Qui a dit que le milieu de tableau de Ligue 2 n\u2019avait pas de spectacle \u00e0 offrir ?&hellip;\n","protected":false},"author":2,"featured_media":505530,"comment_status":"","ping_status":"","sticky":false,"template":"","format":"standard","meta":{"footnotes":""},"categories":[9566],"tags":[1111,47,11,61,2430,69,65,64,1777,674,63,1011,27,2731,68,66,12,62,70,25,67],"class_list":{"0":"post-505529","1":"post","2":"type-post","3":"status-publish","4":"format-standard","5":"has-post-thumbnail","7":"category-grenoble","8":"tag-actu","9":"tag-actualite","10":"tag-actualites","11":"tag-actus-football","12":"tag-auvergne-rhone-alpes","13":"tag-bundesliga","14":"tag-championnats-europeens","15":"tag-equipe-de-france","16":"tag-eu","17":"tag-europe","18":"tag-football","19":"tag-fr","20":"tag-france","21":"tag-grenoble","22":"tag-ligua","23":"tag-ligue-1","24":"tag-news","25":"tag-news-foot","26":"tag-premier-league","27":"tag-republique-francaise","28":"tag-serie-a"},"share_on_mastodon":{"url":"https:\/\/pubeurope.com\/@fr\/115476868867169518","error":""},"_links":{"self":[{"href":"https:\/\/www.europesays.com\/fr\/wp-json\/wp\/v2\/posts\/505529","targetHints":{"allow":["GET"]}}],"collection":[{"href":"https:\/\/www.europesays.com\/fr\/wp-json\/wp\/v2\/posts"}],"about":[{"href":"https:\/\/www.europesays.com\/fr\/wp-json\/wp\/v2\/types\/post"}],"author":[{"embeddable":true,"href":"https:\/\/www.europesays.com\/fr\/wp-json\/wp\/v2\/users\/2"}],"replies":[{"embeddable":true,"href":"https:\/\/www.europesays.com\/fr\/wp-json\/wp\/v2\/comments?post=505529"}],"version-history":[{"count":0,"href":"https:\/\/www.europesays.com\/fr\/wp-json\/wp\/v2\/posts\/505529\/revisions"}],"wp:featuredmedia":[{"embeddable":true,"href":"https:\/\/www.europesays.com\/fr\/wp-json\/wp\/v2\/media\/505530"}],"wp:attachment":[{"href":"https:\/\/www.europesays.com\/fr\/wp-json\/wp\/v2\/media?parent=505529"}],"wp:term":[{"taxonomy":"category","embeddable":true,"href":"https:\/\/www.europesays.com\/fr\/wp-json\/wp\/v2\/categories?post=505529"},{"taxonomy":"post_tag","embeddable":true,"href":"https:\/\/www.europesays.com\/fr\/wp-json\/wp\/v2\/tags?post=505529"}],"curies":[{"name":"wp","href":"https:\/\/api.w.org\/{rel}","templated":true}]}}