{"id":505531,"date":"2025-11-01T22:45:43","date_gmt":"2025-11-01T22:45:43","guid":{"rendered":"https:\/\/www.europesays.com\/fr\/505531\/"},"modified":"2025-11-01T22:45:43","modified_gmt":"2025-11-01T22:45:43","slug":"hebergement-des-personnes-exilees-en-ille-et-vilaine-il-faut-des-reponses","status":"publish","type":"post","link":"https:\/\/www.europesays.com\/fr\/505531\/","title":{"rendered":"H\u00e9bergement des personnes exil\u00e9es en Ille-et-Vilaine\u00a0: \u00ab\u00a0Il faut des r\u00e9ponses"},"content":{"rendered":"<p>\u00c0 l\u2019approche de la tr\u00eave hivernale, <a href=\"https:\/\/rennes.maville.com\/actu\/actudet_-evacuation-du-campement-de-maurepas-une-centaine-d-exiles-bientot-de-retour-a-rennes-_7-7039394_actu.Htm\" target=\"_blank\" rel=\"noopener\">une op\u00e9ration de mise \u00e0 l\u2019abri a \u00e9t\u00e9 men\u00e9e par l\u2019\u00c9tat au parc de Maurepas, \u00e0 Rennes. <\/a> <strong>\u00ab\u00a0Nous saluons les 200\u00a0propositions d\u2019h\u00e9bergement qui ont \u00e9t\u00e9 faites par la pr\u00e9fecture<\/strong>, indiquent\u00a0Marion Le Fr\u00e8ne et Olwen D\u00e9n\u00e8s, copr\u00e9sidents des \u00c9lus \u00e9cologistes f\u00e9d\u00e9ralistes et citoyens au D\u00e9partement d\u2019Ille-et-Vilaine. <strong>Cependant, la situation indigne que vivent les personnes exil\u00e9es \u00e0 Rennes appelle des r\u00e9ponses structurelles de la part du gouvernement.\u00a0\u00bb<\/strong><\/p>\n<p><strong>Lire aussi.<\/strong>\u00a0<a href=\"https:\/\/fougeres.maville.com\/actu\/actudet_-evacuation-d-un-campement-a-rennes-les-exiles-occupent-desormais-un-batiment-du-departement-_7-7043792_actu.Htm\" target=\"_blank\" rel=\"noopener\">\u00c9vacuation d\u2019un campement \u00e0 Rennes\u00a0: les exil\u00e9s occupent d\u00e9sormais un b\u00e2timent du D\u00e9partement<\/a><\/p>\n<p>Dans un communiqu\u00e9, ils r\u00e9affirment la n\u00e9cessit\u00e9 <strong>\u00ab\u00a0d\u2019un accueil digne, inconditionnel et durable pour toutes les personnes exil\u00e9es sans abri\u00a0\u00bb<\/strong>, une demande que portent les \u00e9cologistes rennais depuis pr\u00e8s de vingt ans. Ils d\u00e9plorent<strong> \u00ab\u00a0une politique nationale d\u00e9faillante\u00a0\u00bb<\/strong>, face \u00e0 laquelle <strong>\u00ab\u00a0les \u00e9lus locaux sont\u00a0d\u00e9munis\u00a0\u00bb<\/strong>.<\/p>\n<p>\u00ab\u00a0D\u00e9sengorger les h\u00e9bergements d\u2019urgence\u00a0\u00bb<\/p>\n<p>Ils demandent \u00e0 l\u2019\u00c9tat, dont c\u2019est la comp\u00e9tence exclusive, <strong>\u00ab\u00a0d\u2019apporter les solutions structurelles qui permettront de d\u00e9sengorger les h\u00e9bergements d\u2019urgence\u00a0\u00bb<\/strong>, ajoutent Laurent Hamon et Lucile Koch, copr\u00e9sidents des \u00e9lus \u00e9cologistes et citoyens \u00e0 la Ville de Rennes.<\/p>\n<p>Plusieurs grandes villes ont engag\u00e9 des recours devant les tribunaux administratifs pour obtenir des indemnisations li\u00e9es \u00e0 l\u2019h\u00e9bergement d\u2019urgence des personnes exil\u00e9es. <strong>\u00ab\u00a0Le recours rennais se chiffre \u00e0 plusieurs millions d\u2019euros.\u00a0Des r\u00e9ponses durables et humaines ne peuvent \u00e9merger que d\u2019une concertation renforc\u00e9e entre les collectivit\u00e9s concern\u00e9es et les services de l\u2019\u00c9tat.\u00a0\u00bb<\/strong><\/p>\n<p>\u00a0<\/p>\n","protected":false},"excerpt":{"rendered":"\u00c0 l\u2019approche de la tr\u00eave hivernale, une op\u00e9ration de mise \u00e0 l\u2019abri a \u00e9t\u00e9 men\u00e9e par l\u2019\u00c9tat au&hellip;\n","protected":false},"author":2,"featured_media":505532,"comment_status":"","ping_status":"","sticky":false,"template":"","format":"standard","meta":{"footnotes":""},"categories":[2821],"tags":[1111,11,829,1777,674,62694,8290,1011,27,5222,848,12,3744,3086,584,15845,25,62695],"class_list":{"0":"post-505531","1":"post","2":"type-post","3":"status-publish","4":"format-standard","5":"has-post-thumbnail","7":"category-rennes","8":"tag-actu","9":"tag-actualites","10":"tag-bretagne","11":"tag-eu","12":"tag-europe","13":"tag-exilees","14":"tag-faut","15":"tag-fr","16":"tag-france","17":"tag-hebergement","18":"tag-ille-et-vilaine","19":"tag-news","20":"tag-personnes","21":"tag-redon","22":"tag-rennes","23":"tag-reponses","24":"tag-republique-francaise","25":"tag-structurelles"},"share_on_mastodon":{"url":"https:\/\/pubeurope.com\/@fr\/115476871499972295","error":""},"_links":{"self":[{"href":"https:\/\/www.europesays.com\/fr\/wp-json\/wp\/v2\/posts\/505531","targetHints":{"allow":["GET"]}}],"collection":[{"href":"https:\/\/www.europesays.com\/fr\/wp-json\/wp\/v2\/posts"}],"about":[{"href":"https:\/\/www.europesays.com\/fr\/wp-json\/wp\/v2\/types\/post"}],"author":[{"embeddable":true,"href":"https:\/\/www.europesays.com\/fr\/wp-json\/wp\/v2\/users\/2"}],"replies":[{"embeddable":true,"href":"https:\/\/www.europesays.com\/fr\/wp-json\/wp\/v2\/comments?post=505531"}],"version-history":[{"count":0,"href":"https:\/\/www.europesays.com\/fr\/wp-json\/wp\/v2\/posts\/505531\/revisions"}],"wp:featuredmedia":[{"embeddable":true,"href":"https:\/\/www.europesays.com\/fr\/wp-json\/wp\/v2\/media\/505532"}],"wp:attachment":[{"href":"https:\/\/www.europesays.com\/fr\/wp-json\/wp\/v2\/media?parent=505531"}],"wp:term":[{"taxonomy":"category","embeddable":true,"href":"https:\/\/www.europesays.com\/fr\/wp-json\/wp\/v2\/categories?post=505531"},{"taxonomy":"post_tag","embeddable":true,"href":"https:\/\/www.europesays.com\/fr\/wp-json\/wp\/v2\/tags?post=505531"}],"curies":[{"name":"wp","href":"https:\/\/api.w.org\/{rel}","templated":true}]}}