{"id":505533,"date":"2025-11-01T22:46:21","date_gmt":"2025-11-01T22:46:21","guid":{"rendered":"https:\/\/www.europesays.com\/fr\/505533\/"},"modified":"2025-11-01T22:46:21","modified_gmt":"2025-11-01T22:46:21","slug":"coupe-de-france-de-handball-fin-de-parcours-pour-loudeac-face-au-cercle-paul-bert-rennes","status":"publish","type":"post","link":"https:\/\/www.europesays.com\/fr\/505533\/","title":{"rendered":"Coupe de France\u00a0de handball : fin de parcours pour Loud\u00e9ac face au Cercle Paul Bert Rennes"},"content":{"rendered":"<p>Coupe de France F\u00e9d\u00e9rale. Loud\u00e9ac &#8211; CPB Rennes\u00a0: 29-36<\/p>\n<p>Samedi, Loud\u00e9ac recevait l\u2019\u00e9quipe de Nationale 1 du Cercle Paul Bert de Rennes (CPB). Malgr\u00e9 une rencontre au sommet, Les Loud\u00e9aciens n\u2019ont pas r\u00e9ussi \u00e0 tenir la cadence. Pourtant, les locaux ont montr\u00e9 aux spectateurs une superbe prestation. Ils ont su monter leur niveau de jeu pour essayer de faire douter leur adversaire. En d\u00e9but de rencontre, les deux \u00e9quipes arrivaient \u00e0 produire un bon jeu. \u00c0 la fin de la premi\u00e8re p\u00e9riode, le CPB avait en sa faveur un score de 18 \u00e0 15.<\/p>\n<p>Une prestation prometteuse<\/p>\n<p>En deuxi\u00e8me p\u00e9riode, les locaux n\u2019avaient pas dit leur dernier mot. Entre les pr\u00e9cieux arr\u00eats de Maxence Travers ou les buts inscrits aux moments d\u00e9cisifs, les Violets avaient en main la rencontre. Mais c\u2019\u00e9tait sans compter sur le niveau sup\u00e9rieur du CPB que les Loud\u00e9aciens n\u2019ont pas r\u00e9ussi \u00e0 contrer. \u00c0 la fin de la rencontre, le score \u00e9tait de 29 \u00e0 36. Pour Lukian Gaubert, le coach du CPB, \u00ab\u00a0malgr\u00e9 nos trois bless\u00e9s, on a r\u00e9ussi \u00e0 harmoniser le temps de jeu. Loud\u00e9ac a fait de bonnes s\u00e9quences\u00a0\u00bb souligne-t-il. Pour Baptiste Guguin, buteur loud\u00e9acien samedi soir, \u00ab\u00a0il y avait une diff\u00e9rence de niveau et ce n\u2019\u00e9tait pas la m\u00eame intensit\u00e9, mais on a r\u00e9ussi \u00e0 tenir le score\u00a0\u00bb. Ce match a aussi \u00e9t\u00e9 l\u2019occasion de faire jouer un effectif encore plus jeune avec notamment Tom Minier, aussi buteur. \u00ab\u00a0Ce n\u2019\u00e9tait pas un match facile mais j\u2019avais le soutien de l\u2019\u00e9quipe et du coach\u00a0\u00bb assure le jeune joueur. Le prochain match de Loud\u00e9ac sera le samedi 8 novembre contre la Nationale 3 du CPB.<\/p>\n<p class=\"titre-tech\">La fiche technique<\/p>\n<p class=\"tech\"><strong class=\"tech\">Arbitres\u00a0<\/strong>: MM. Dissler et Boisnard<\/p>\n<p class=\"tech\"><strong class=\"tech\">LOUDEAC\u00a0<\/strong>: Gaultier Briendo (capitaine) (10), Michael oghiadomhe (2), Arthur Chauvi\u00e8re (1), Baptiste Guguin (3), Samuel Guenno (7), Adrien Posnic (1), Yael Brun, Joris Ruffault (1), Sidi baby (3), Tom Minier (1), Guillaume Robles, Cl\u00e9ment Raulo, Youenn Le Luduec, Maxence Travers. Entra\u00eeneur\u00a0: Antoine Pinard.<\/p>\n<p class=\"tech\"><strong class=\"tech\">CPB RENNES\u00a0<\/strong>: Alexandre Vu (capitaine) (2), Julien Bousquet, Victor Vattier, Gaspard Picard (1), Marin Legendre (4), Flavien Esnault (3), Antoine Le berre, Paulin Buisson (5), Gael Grall (4), Hugo Ludwikowski, Jef Bouvier (10), Gautier Morvan (3), Thoms Ruellan (4). Entraineur\u00a0: Lukian Gaubert.<\/p>\n","protected":false},"excerpt":{"rendered":"Coupe de France F\u00e9d\u00e9rale. Loud\u00e9ac &#8211; CPB Rennes\u00a0: 29-36 Samedi, Loud\u00e9ac recevait l\u2019\u00e9quipe de Nationale 1 du Cercle&hellip;\n","protected":false},"author":2,"featured_media":505534,"comment_status":"","ping_status":"","sticky":false,"template":"","format":"standard","meta":{"footnotes":""},"categories":[2821],"tags":[1111,11,829,1777,674,1011,27,1792,2885,12,584,25,60],"class_list":{"0":"post-505533","1":"post","2":"type-post","3":"status-publish","4":"format-standard","5":"has-post-thumbnail","7":"category-rennes","8":"tag-actu","9":"tag-actualites","10":"tag-bretagne","11":"tag-eu","12":"tag-europe","13":"tag-fr","14":"tag-france","15":"tag-handball","16":"tag-loudeac","17":"tag-news","18":"tag-rennes","19":"tag-republique-francaise","20":"tag-sports"},"share_on_mastodon":{"url":"https:\/\/pubeurope.com\/@fr\/115476875726226178","error":""},"_links":{"self":[{"href":"https:\/\/www.europesays.com\/fr\/wp-json\/wp\/v2\/posts\/505533","targetHints":{"allow":["GET"]}}],"collection":[{"href":"https:\/\/www.europesays.com\/fr\/wp-json\/wp\/v2\/posts"}],"about":[{"href":"https:\/\/www.europesays.com\/fr\/wp-json\/wp\/v2\/types\/post"}],"author":[{"embeddable":true,"href":"https:\/\/www.europesays.com\/fr\/wp-json\/wp\/v2\/users\/2"}],"replies":[{"embeddable":true,"href":"https:\/\/www.europesays.com\/fr\/wp-json\/wp\/v2\/comments?post=505533"}],"version-history":[{"count":0,"href":"https:\/\/www.europesays.com\/fr\/wp-json\/wp\/v2\/posts\/505533\/revisions"}],"wp:featuredmedia":[{"embeddable":true,"href":"https:\/\/www.europesays.com\/fr\/wp-json\/wp\/v2\/media\/505534"}],"wp:attachment":[{"href":"https:\/\/www.europesays.com\/fr\/wp-json\/wp\/v2\/media?parent=505533"}],"wp:term":[{"taxonomy":"category","embeddable":true,"href":"https:\/\/www.europesays.com\/fr\/wp-json\/wp\/v2\/categories?post=505533"},{"taxonomy":"post_tag","embeddable":true,"href":"https:\/\/www.europesays.com\/fr\/wp-json\/wp\/v2\/tags?post=505533"}],"curies":[{"name":"wp","href":"https:\/\/api.w.org\/{rel}","templated":true}]}}