{"id":505535,"date":"2025-11-01T22:47:27","date_gmt":"2025-11-01T22:47:27","guid":{"rendered":"https:\/\/www.europesays.com\/fr\/505535\/"},"modified":"2025-11-01T22:47:27","modified_gmt":"2025-11-01T22:47:27","slug":"un-hotel-strasbourgeois-nous-invite-a-un-show-exceptionnel","status":"publish","type":"post","link":"https:\/\/www.europesays.com\/fr\/505535\/","title":{"rendered":"un h\u00f4tel strasbourgeois nous invite \u00e0 un show exceptionnel"},"content":{"rendered":"<p>    <img loading=\"lazy\" width=\"1800\" height=\"900\" src=\"https:\/\/www.europesays.com\/fr\/wp-content\/uploads\/2025\/08\/jeanne-callthepolice.jpg\" class=\"attachment-full size-full\" alt=\"\" id=\"imageLove\" decoding=\"async\"  \/><\/p>\n<p id=\"breadcrumbs\"><a href=\"https:\/\/pokaa.fr\/\" target=\"_blank\" rel=\"noopener\">Accueil<\/a> \/ <a href=\"https:\/\/pokaa.fr\/categories\/ses-sorties\/\" target=\"_blank\" rel=\"noopener\">Sorties<\/a> \/ Gastronomie et cabaret burlesque : un h\u00f4tel strasbourgeois nous invite \u00e0 un show exceptionnel<\/p>\n<p>                    Sorties<\/p>\n<p><b>Le froid gagne nos rues, l\u2019hiver est \u00e0 nos portes, mais le 12 novembre, un h\u00f4tel s\u2019appr\u00eate \u00e0 faire monter la temp\u00e9rature \u00e0 Strasbourg. En compagnie d\u2019un trio de charme, l\u2019h\u00f4tel et spa Maison Rouge mise sur les plumes, les paillettes et le glamour : un d\u00eener-spectacle d\u2019exception, pour une soir\u00e9e Revue &amp; Corrig\u00e9e. <\/b><b>Poupoupidou<\/b><b>, on vous dit tout.<\/b><\/p>\n<p>Pour le <b>mercredi 12 novembre<\/b>, l\u2019h\u00f4tel Maison Rouge concocte un nouveau <b>d\u00eener-spectacle <\/b>pour ravir papilles et pupilles.<\/p>\n<p>\u00c0 la carte\u00a0? Un show qui m\u00eale humour, audace, dentelles et strass, entre <b>\u00ab\u00a0cabaret r\u00e9tro, com\u00e9die musicale et effervescence cin\u00e9matographique\u00a0\u00bb<\/b>, servi par les Strasbourgeoises de <b>Revue &amp; Corrig\u00e9e <\/b>\u2013 un trio \u00ab\u00a0qui fait scintiller les sc\u00e8nes burlesques depuis 2012\u00a0\u00bb.<\/p>\n<p>                <img width=\"750\" height=\"500\" src=\"https:\/\/www.europesays.com\/fr\/wp-content\/uploads\/2025\/11\/revue-corrigee-greg-bertaud-750x500.jpg\" class=\"attachment-gallery size-gallery\" alt=\"Revue &amp; Corrig\u00e9e + maison rouge\" data-full-url=\"https:\/\/pokaa.fr\/wp-content\/uploads\/2025\/10\/28\/revue-corrigee-greg-bertaud.jpg\" decoding=\"async\" loading=\"lazy\"  \/>            <\/p>\n<p>                <img width=\"333\" height=\"500\" src=\"https:\/\/www.europesays.com\/fr\/wp-content\/uploads\/2025\/11\/laurentqy-02039-333x500.jpg\" class=\"attachment-gallery size-gallery\" alt=\"Revue &amp; corrig\u00e9e + maison rouge\" data-full-url=\"https:\/\/pokaa.fr\/wp-content\/uploads\/2025\/10\/28\/laurentqy-02039.jpg\" decoding=\"async\" loading=\"lazy\"  \/>            <\/p>\n<p>                <img width=\"750\" height=\"500\" src=\"https:\/\/www.europesays.com\/fr\/wp-content\/uploads\/2025\/11\/marlene-de-coeur-greg-bertaud-750x500.jpg\" class=\"attachment-gallery size-gallery\" alt=\"Revue &amp; Corrig\u00e9e + Maison rouge + Marlene de Coeur\" data-full-url=\"https:\/\/pokaa.fr\/wp-content\/uploads\/2025\/10\/28\/marlene-de-coeur-greg-bertaud.jpg\" decoding=\"async\" loading=\"lazy\"  \/>            <\/p>\n<p>                    Revue &amp; Corrig\u00e9e. 1. 3. \u00a9 Greg Bertaud \/ Documents remis ; 2. \u00a9 Laurent Qy \/ Document remis<\/p>\n<p>    <img width=\"800\" height=\"524\" src=\"https:\/\/www.europesays.com\/fr\/wp-content\/uploads\/2025\/11\/img-2754-800x524.jpg\" class=\"attachment-image-size-L size-image-size-L\" alt=\"Revue &amp; Corrig\u00e9e + strasbourg burlesque festival + maison rouge\" decoding=\"async\" loading=\"lazy\"  \/>         Revue &amp; Corrig\u00e9e (au Strasbourg Burlesque Festival). \u00a9 Michael Klug \/ Document remis <\/p>\n<p>Menu en 6 temps et show burlesque<\/p>\n<p>Parfois bagagistes, toujours glamour : le flamboyant trio arrive \u00e0 l\u2019h\u00f4tel de la rue des Francs-Bourgeois avec, dans ses valises, <b>une soir\u00e9e remplie de gourmandises<\/b>.<\/p>\n<p>Pour accompagner leurs num\u00e9ros, <b>un menu en 6 temps \u00e9labor\u00e9 par le chef Jonathan Rauch et son \u00e9quipe<\/b> (avec accord <b>mets &amp; vins <\/b>en suppl\u00e9ment). Et si nos grooms ne manqueront pas de p\u00e9tillant, une<b> coupe de champagne<\/b> sera \u00e9galement offerte, pour rajouter des bulles aux paillettes.<\/p>\n<p>                <img width=\"333\" height=\"500\" src=\"https:\/\/www.europesays.com\/fr\/wp-content\/uploads\/2025\/11\/32f24212-9996-4dac-88ce-3007fa63a53e-1-105-c-333x500.jpeg\" class=\"attachment-gallery size-gallery\" alt=\"Maison Rouge\" data-full-url=\"https:\/\/pokaa.fr\/wp-content\/uploads\/2025\/10\/28\/32f24212-9996-4dac-88ce-3007fa63a53e-1-105-c.jpeg\" decoding=\"async\" loading=\"lazy\"  \/>            <\/p>\n<p>                <img width=\"333\" height=\"500\" src=\"https:\/\/www.europesays.com\/fr\/wp-content\/uploads\/2025\/11\/dsc-0693-vsco-333x500.jpg\" class=\"attachment-gallery size-gallery\" alt=\"Maison Rouge\" data-full-url=\"https:\/\/pokaa.fr\/wp-content\/uploads\/2025\/10\/28\/dsc-0693-vsco.jpg\" decoding=\"async\" loading=\"lazy\"  \/>            <\/p>\n<p>                <img width=\"333\" height=\"500\" src=\"https:\/\/www.europesays.com\/fr\/wp-content\/uploads\/2025\/11\/dsc-0311-vsco-333x500.jpg\" class=\"attachment-gallery size-gallery\" alt=\"Maison Rouge\" data-full-url=\"https:\/\/pokaa.fr\/wp-content\/uploads\/2025\/10\/28\/dsc-0311-vsco.jpg\" decoding=\"async\" loading=\"lazy\"  \/>            <\/p>\n<p>                <img width=\"333\" height=\"500\" src=\"https:\/\/www.europesays.com\/fr\/wp-content\/uploads\/2025\/11\/667aadde-9864-494b-a5c4-0244891d4a99-333x500.jpg\" class=\"attachment-gallery size-gallery\" alt=\"667AADDE-9864-494B-A5C4-0244891D4A99\" data-full-url=\"https:\/\/pokaa.fr\/wp-content\/uploads\/2025\/10\/28\/667aadde-9864-494b-a5c4-0244891d4a99.jpg\" decoding=\"async\" loading=\"lazy\"  \/>            <\/p>\n<p>                <img width=\"333\" height=\"500\" src=\"https:\/\/www.europesays.com\/fr\/wp-content\/uploads\/2025\/11\/dsc-3648-333x500.jpg\" class=\"attachment-gallery size-gallery\" alt=\"DSC_3648\" data-full-url=\"https:\/\/pokaa.fr\/wp-content\/uploads\/2025\/10\/28\/dsc-3648.jpg\" decoding=\"async\" loading=\"lazy\"  \/>            <\/p>\n<p>                    \u00a9 Maison Rouge \/ Documents remis<\/p>\n<p>    <img width=\"800\" height=\"533\" src=\"https:\/\/www.europesays.com\/fr\/wp-content\/uploads\/2025\/11\/dsc-3872-800x533.jpg\" class=\"attachment-image-size-L size-image-size-L\" alt=\"Maison Rouge\" decoding=\"async\" loading=\"lazy\"  \/>         \u00a9 Maison Rouge \/ Document remis <\/p>\n<p><b>Et surtout : ne tardez pas \u00e0 r\u00e9server <a href=\"https:\/\/my.weezevent.com\/revue-et-corrig%C3%A9e\" target=\"_blank\" rel=\"noopener\">en cliquant juste ici<\/a>, <\/b>car les places partent vite !<\/p>\n<p>                <a href=\"https:\/\/pokaa.fr\/2025\/10\/24\/spa-soins-brunch-d-exception-a-strasbourg-l-hotel-maison-rouge-5-etoiles-cache-un-veritable-cocon\/\" target=\"_blank\" rel=\"noopener\"><br \/>\n                    <img width=\"450\" height=\"270\" src=\"https:\/\/www.europesays.com\/fr\/wp-content\/uploads\/2025\/11\/petit-dejeuner-spa-la-maison-rougeimg-0624-450x270.jpeg\" class=\"attachment-card-horizontal--same-subject size-card-horizontal--same-subject wp-post-image\" alt=\"\" decoding=\"async\" loading=\"lazy\"\/>                <\/a><\/p>\n<p>            D\u00eener-spectacle avec Revue &amp; Corrig\u00e9e \u00e0 la Maison Rouge<\/p>\n<p>            Quoi ? <\/p>\n<p>Menu en 6 temps et spectacle burlesque<\/p>\n<p>                Quand ?<\/p>\n<p>Mercredi 12 novembre d\u00e8s 19h30 (spectacle \u00e0 20h)<\/p>\n<p>            o\u00f9 ?<\/p>\n<p>\u00c0 la Maison Rouge Strasbourg Hotel &amp; Spa, 4 rue des Francs-Bourgeois, \u00e0 Strasbourg<\/p>\n<p>                Plus d&rsquo;infos ?<\/p>\n<p><a href=\"https:\/\/linktr.ee\/maisonrouge67\" target=\"_blank\" rel=\"noopener\">+ d\u2019infos<\/a><br \/><a href=\"https:\/\/my.weezevent.com\/revue-et-corrig%C3%A9e\" target=\"_blank\" rel=\"noopener\">Billetterie en ligne<\/a><\/p>\n","protected":false},"excerpt":{"rendered":"Accueil \/ Sorties \/ Gastronomie et cabaret burlesque : un h\u00f4tel strasbourgeois nous invite \u00e0 un show exceptionnel&hellip;\n","protected":false},"author":2,"featured_media":505536,"comment_status":"","ping_status":"","sticky":false,"template":"","format":"standard","meta":{"footnotes":""},"categories":[2820],"tags":[1111,11,3528,35301,1777,674,1011,27,1661,775,1757,62696,12,25,62697,3140,640],"class_list":{"0":"post-505535","1":"post","2":"type-post","3":"status-publish","4":"format-standard","5":"has-post-thumbnail","7":"category-strasbourg","8":"tag-actu","9":"tag-actualites","10":"tag-burlesque","11":"tag-diner-spectacle","12":"tag-eu","13":"tag-europe","14":"tag-fr","15":"tag-france","16":"tag-gastronomie","17":"tag-grand-est","18":"tag-insolite","19":"tag-maison-rouge","20":"tag-news","21":"tag-republique-francaise","22":"tag-revue-corrigee","23":"tag-spectacle","24":"tag-strasbourg"},"share_on_mastodon":{"url":"https:\/\/pubeurope.com\/@fr\/115476880817956370","error":""},"_links":{"self":[{"href":"https:\/\/www.europesays.com\/fr\/wp-json\/wp\/v2\/posts\/505535","targetHints":{"allow":["GET"]}}],"collection":[{"href":"https:\/\/www.europesays.com\/fr\/wp-json\/wp\/v2\/posts"}],"about":[{"href":"https:\/\/www.europesays.com\/fr\/wp-json\/wp\/v2\/types\/post"}],"author":[{"embeddable":true,"href":"https:\/\/www.europesays.com\/fr\/wp-json\/wp\/v2\/users\/2"}],"replies":[{"embeddable":true,"href":"https:\/\/www.europesays.com\/fr\/wp-json\/wp\/v2\/comments?post=505535"}],"version-history":[{"count":0,"href":"https:\/\/www.europesays.com\/fr\/wp-json\/wp\/v2\/posts\/505535\/revisions"}],"wp:featuredmedia":[{"embeddable":true,"href":"https:\/\/www.europesays.com\/fr\/wp-json\/wp\/v2\/media\/505536"}],"wp:attachment":[{"href":"https:\/\/www.europesays.com\/fr\/wp-json\/wp\/v2\/media?parent=505535"}],"wp:term":[{"taxonomy":"category","embeddable":true,"href":"https:\/\/www.europesays.com\/fr\/wp-json\/wp\/v2\/categories?post=505535"},{"taxonomy":"post_tag","embeddable":true,"href":"https:\/\/www.europesays.com\/fr\/wp-json\/wp\/v2\/tags?post=505535"}],"curies":[{"name":"wp","href":"https:\/\/api.w.org\/{rel}","templated":true}]}}