{"id":505541,"date":"2025-11-01T22:50:21","date_gmt":"2025-11-01T22:50:21","guid":{"rendered":"https:\/\/www.europesays.com\/fr\/505541\/"},"modified":"2025-11-01T22:50:21","modified_gmt":"2025-11-01T22:50:21","slug":"ramos-apres-psg-nice-cest-une-excellente-victoire","status":"publish","type":"post","link":"https:\/\/www.europesays.com\/fr\/505541\/","title":{"rendered":"Ramos apr\u00e8s PSG \/ Nice : \u00ab\u00a0C&rsquo;est une excellente victoire\u00a0\u00bb"},"content":{"rendered":"<p><img width=\"700\" height=\"350\" src=\"https:\/\/www.europesays.com\/fr\/wp-content\/uploads\/2025\/11\/Ramos.jpg\" class=\"attachment-jannah-image-post size-jannah-image-post wp-post-image\" alt=\"Ramos\" is_main_img=\"1\" decoding=\"async\" fetchpriority=\"high\"  \/><br \/>\n Image : Compte X<br \/>\n@PSG_inside<\/p>\n<p>Apr\u00e8s avoir domin\u00e9 toute la rencontre, le PSG a d\u00fb attendre<br \/>\nles derni\u00e8res secondes du match pour s\u2019offrir la victoire contre<br \/>\nNice gr\u00e2ce \u00e0 un but de Gon\u00e7alo Ramos (1-0).<\/p>\n<p>Ce samedi apr\u00e8s-midi, le <strong>PSG<\/strong> recevait \u2013 au<br \/>\n<strong>Parc des Princes<\/strong> \u2013 <strong>Nice<\/strong> dans le<br \/>\ncadre de la onzi\u00e8me journ\u00e9e. Apr\u00e8s une domination totale, le<br \/>\n<strong>PSG<\/strong> apr\u00e8s avoir but\u00e9 tout le match sur une d\u00e9fense<br \/>\ntr\u00e8s basse de <strong>Nice<\/strong>, a arrach\u00e9 la victoire gr\u00e2ce \u00e0<br \/>\nun but de <strong>Gon\u00e7alo Ramos<\/strong>, qui f\u00eatait son 100e match<br \/>\nsous le maillot des Rouge &amp; Bleu <a href=\"https:\/\/canal-supporters.com\/ligue-1-grace-a-goncalo-ramos-le-psg-simpose-sur-le-fil-face-a-nice\/\" title=\"\" rel=\"nofollow noopener\" target=\"_blank\">(1-0)<\/a>. Buteur providentiel, le num\u00e9ro 9 du<br \/>\n<strong>PSG<\/strong> est revenu sur ce succ\u00e8s sur le fil de son<br \/>\n\u00e9quipe au micro de <a href=\"https:\/\/x.com\/beinsports_FR\" target=\"_blank\" rel=\"noopener nofollow\" title=\"\">beIN SPORTS 1<\/a>.<\/p>\n<p>\u00ab\u00a0Tous les matches sont importants. C\u2019est important de<br \/>\ngagner tous les matches. C\u2019est tr\u00e8s difficile de jouer tous ces<br \/>\nmatchs de championnat o\u00f9 les \u00e9quipes d\u00e9fendent beaucoup.<br \/>\nC\u2019est une excellente victoire. 100e match avec le<br \/>\n<strong>PSG<\/strong> ? C\u2019est incroyable, je ne le savais pas,<br \/>\nje l\u2019ai appris \u00e0 l\u2019instant. C\u2019est une tr\u00e8s belle histoire. Une<br \/>\nbonne pr\u00e9paration pour le match contre le <strong>Bayern<br \/>\nMunich<\/strong> ? Oui, on s\u2019y pr\u00e9pare depuis un moment. Tous<br \/>\nles jours sont une possibilit\u00e9 pour s\u2019am\u00e9liorer, pour continuer de<br \/>\ntravailler et aujourd\u2019hui pour apprendre en<br \/>\nstrat\u00e9gie.\u00a0\u00bb<\/p>\n","protected":false},"excerpt":{"rendered":"Image : Compte X @PSG_inside Apr\u00e8s avoir domin\u00e9 toute la rencontre, le PSG a d\u00fb attendre les derni\u00e8res&hellip;\n","protected":false},"author":2,"featured_media":505542,"comment_status":"","ping_status":"","sticky":false,"template":"","format":"standard","meta":{"footnotes":""},"categories":[2819],"tags":[62698,1111,11,81,787,1777,674,1011,27,86,66,1611,12,2401,62699,626,91,92,882,93,13724,13725,13726,62700,20338,25,96],"class_list":{"0":"post-505541","1":"post","2":"type-post","3":"status-publish","4":"format-standard","5":"has-post-thumbnail","7":"category-nice","8":"tag-11e-journee","9":"tag-actu","10":"tag-actualites","11":"tag-canal-supporters","12":"tag-cs","13":"tag-eu","14":"tag-europe","15":"tag-fr","16":"tag-france","17":"tag-goncalo-ramos","18":"tag-ligue-1","19":"tag-ligue-1-macdonalds","20":"tag-news","21":"tag-nice","22":"tag-onzieme-journee","23":"tag-paris","24":"tag-paris-saint-germain","25":"tag-paris-sg","26":"tag-provence-alpes-cote-dazur","27":"tag-psg","28":"tag-psg-ogc-nice","29":"tag-psg-nice","30":"tag-psg-ogcn","31":"tag-psgocgcn","32":"tag-ramos","33":"tag-republique-francaise","34":"tag-une"},"share_on_mastodon":{"url":"https:\/\/pubeurope.com\/@fr\/115476891196601204","error":""},"_links":{"self":[{"href":"https:\/\/www.europesays.com\/fr\/wp-json\/wp\/v2\/posts\/505541","targetHints":{"allow":["GET"]}}],"collection":[{"href":"https:\/\/www.europesays.com\/fr\/wp-json\/wp\/v2\/posts"}],"about":[{"href":"https:\/\/www.europesays.com\/fr\/wp-json\/wp\/v2\/types\/post"}],"author":[{"embeddable":true,"href":"https:\/\/www.europesays.com\/fr\/wp-json\/wp\/v2\/users\/2"}],"replies":[{"embeddable":true,"href":"https:\/\/www.europesays.com\/fr\/wp-json\/wp\/v2\/comments?post=505541"}],"version-history":[{"count":0,"href":"https:\/\/www.europesays.com\/fr\/wp-json\/wp\/v2\/posts\/505541\/revisions"}],"wp:featuredmedia":[{"embeddable":true,"href":"https:\/\/www.europesays.com\/fr\/wp-json\/wp\/v2\/media\/505542"}],"wp:attachment":[{"href":"https:\/\/www.europesays.com\/fr\/wp-json\/wp\/v2\/media?parent=505541"}],"wp:term":[{"taxonomy":"category","embeddable":true,"href":"https:\/\/www.europesays.com\/fr\/wp-json\/wp\/v2\/categories?post=505541"},{"taxonomy":"post_tag","embeddable":true,"href":"https:\/\/www.europesays.com\/fr\/wp-json\/wp\/v2\/tags?post=505541"}],"curies":[{"name":"wp","href":"https:\/\/api.w.org\/{rel}","templated":true}]}}