{"id":505555,"date":"2025-11-01T23:00:11","date_gmt":"2025-11-01T23:00:11","guid":{"rendered":"https:\/\/www.europesays.com\/fr\/505555\/"},"modified":"2025-11-01T23:00:11","modified_gmt":"2025-11-01T23:00:11","slug":"primed-le-festival-de-la-mediterranee-en-images-demarre-le-29-novembre-a-marseille-avec-25-documentaires-poignants","status":"publish","type":"post","link":"https:\/\/www.europesays.com\/fr\/505555\/","title":{"rendered":"PriMed, le festival de la M\u00e9diterran\u00e9e en images, d\u00e9marre le 29\u00a0novembre \u00e0 Marseille avec 25 documentaires poignants"},"content":{"rendered":"<p>Un gabian d\u00e9guis\u00e9 en colombe pour la paix\u00a0: l\u2019affiche du <a href=\"https:\/\/www.laprovence.com\/article\/culture-loisirs\/2359610123877715\/le-primed-a-marseille-ces-films-documentaires-qui-racontent-la-mediterranee\" target=\"_blank\" rel=\"noopener\">festival PriMed <\/a>de\u00a02025 sign\u00e9e par la graphiste Pauline Labarthe donne le ton de cette 29e \u00e9dition. Porter un regard et un message tourn\u00e9s vers l\u2019espoir dans une M\u00e9diterran\u00e9e travers\u00e9e par des crises. \u00ab\u00a0Le festival nous invite \u00e0 poser un regard incisif et profond\u00e9ment humain sur les r\u00e9alit\u00e9s plurielles de la M\u00e9diterran\u00e9e\u00a0\u00bb, rappelle Val\u00e9rie Gerbault, d\u00e9l\u00e9gu\u00e9e g\u00e9n\u00e9rale du Centre m\u00e9diterran\u00e9en de la communication audiovisuelle (CMCA) qui pilote ce festival soutenu principalement par la R\u00e9gion.<\/p>\n<p>En tout, 548 films ont \u00e9t\u00e9 re\u00e7us pour, au final, une s\u00e9lection de 25 documentaires du Maghreb aux Balkans, en passant par le Moyen-Orient ou l\u2019Europe. Ils seront projet\u00e9s gratuitement au public du 29\u00a0novembre au 6\u00a0d\u00e9cembre dans trois lieux du premier arrondissement\u00a0: la biblioth\u00e8que de l\u2019Alcazar, l\u2019Artplexe Canebi\u00e8re et la mairie du 1er\/7e. Mais aussi au Mucem pour un film de 83 minutes de Gaspard Hirschi, intitul\u00e9 Je suis la nuit en plein midi et qui se d\u00e9roule \u00e0 Marseille. Il met en sc\u00e8ne un <a href=\"https:\/\/www.laprovence.com\/article\/culture-loisirs\/30436096328406\/don-quichotte-la-nouvelle-expo-litteraire-du-mucem-a-marseille\" target=\"_blank\" rel=\"noopener\">Don Quichotte <\/a>et son \u00e9cuyer livreur de pizzas qui traversent la ville et se confrontent au cloisonnement de la soci\u00e9t\u00e9 (projection gratuite le jeudi 4&#8230;<\/p>\n","protected":false},"excerpt":{"rendered":"Un gabian d\u00e9guis\u00e9 en colombe pour la paix\u00a0: l\u2019affiche du festival PriMed de\u00a02025 sign\u00e9e par la graphiste Pauline&hellip;\n","protected":false},"author":2,"featured_media":505556,"comment_status":"","ping_status":"","sticky":false,"template":"","format":"standard","meta":{"footnotes":""},"categories":[2814],"tags":[17,62702,1111,11,251,27051,1777,674,849,1011,27,4430,884,1252,12,62701,882,25],"class_list":{"0":"post-505555","1":"post","2":"type-post","3":"status-publish","4":"format-standard","5":"has-post-thumbnail","7":"category-marseille","8":"tag-17","9":"tag-29-novembre","10":"tag-actu","11":"tag-actualites","12":"tag-culture","13":"tag-demarre","14":"tag-eu","15":"tag-europe","16":"tag-festival","17":"tag-fr","18":"tag-france","19":"tag-images","20":"tag-marseille","21":"tag-mediterranee","22":"tag-news","23":"tag-primed","24":"tag-provence-alpes-cote-dazur","25":"tag-republique-francaise"},"share_on_mastodon":{"url":"https:\/\/pubeurope.com\/@fr\/115476930513610399","error":""},"_links":{"self":[{"href":"https:\/\/www.europesays.com\/fr\/wp-json\/wp\/v2\/posts\/505555","targetHints":{"allow":["GET"]}}],"collection":[{"href":"https:\/\/www.europesays.com\/fr\/wp-json\/wp\/v2\/posts"}],"about":[{"href":"https:\/\/www.europesays.com\/fr\/wp-json\/wp\/v2\/types\/post"}],"author":[{"embeddable":true,"href":"https:\/\/www.europesays.com\/fr\/wp-json\/wp\/v2\/users\/2"}],"replies":[{"embeddable":true,"href":"https:\/\/www.europesays.com\/fr\/wp-json\/wp\/v2\/comments?post=505555"}],"version-history":[{"count":0,"href":"https:\/\/www.europesays.com\/fr\/wp-json\/wp\/v2\/posts\/505555\/revisions"}],"wp:featuredmedia":[{"embeddable":true,"href":"https:\/\/www.europesays.com\/fr\/wp-json\/wp\/v2\/media\/505556"}],"wp:attachment":[{"href":"https:\/\/www.europesays.com\/fr\/wp-json\/wp\/v2\/media?parent=505555"}],"wp:term":[{"taxonomy":"category","embeddable":true,"href":"https:\/\/www.europesays.com\/fr\/wp-json\/wp\/v2\/categories?post=505555"},{"taxonomy":"post_tag","embeddable":true,"href":"https:\/\/www.europesays.com\/fr\/wp-json\/wp\/v2\/tags?post=505555"}],"curies":[{"name":"wp","href":"https:\/\/api.w.org\/{rel}","templated":true}]}}