{"id":505559,"date":"2025-11-01T23:02:33","date_gmt":"2025-11-01T23:02:33","guid":{"rendered":"https:\/\/www.europesays.com\/fr\/505559\/"},"modified":"2025-11-01T23:02:33","modified_gmt":"2025-11-01T23:02:33","slug":"un-propagandiste-et-financeur-presume-de-daesh-interpelle-par-la-dgsi-dans-un-centre-de-retention","status":"publish","type":"post","link":"https:\/\/www.europesays.com\/fr\/505559\/","title":{"rendered":"Un propagandiste et financeur pr\u00e9sum\u00e9 de Daesh interpell\u00e9 par la DGSI dans un centre de r\u00e9tention"},"content":{"rendered":"<p>Un Afghan de 20 ans a \u00e9t\u00e9 interpell\u00e9 mercredi alors qu\u2019il se trouvait d\u00e9j\u00e0 d\u00e9tenu au centre de r\u00e9tention administrative (CRA) de <a href=\"https:\/\/www.20minutes.fr\/lyon\/\" class=\"c-link c-link--is-underlined\" target=\"_blank\" rel=\"noopener\">Lyon<\/a>. Selon <a href=\"https:\/\/www.leparisien.fr\/faits-divers\/un-afghan-de-20-ans-soupconne-detre-un-relais-en-france-dune-branche-active-et-meurtriere-de-daech-arrete-a-lyon-01-11-2025-O6IHMI2DFJGXDEM4LVGPGUW4K4.php?ts=1761992218404\" rel=\"nofollow noopener\" target=\"_blank\" class=\"c-link c-link--is-underlined\">Le Parisien<\/a>, qui r\u00e9v\u00e8le l\u2019information, cet homme est soup\u00e7onn\u00e9 par les services de renseignement d\u2019\u00eatre une sorte de relais d\u2019une branche de l\u2019<a href=\"https:\/\/www.20minutes.fr\/monde\/daesh\/\" class=\"c-link c-link--is-underlined\" target=\"_blank\" rel=\"noopener\">Etat islamique<\/a>.<\/p>\n<p>Le jeune homme n\u2019\u00e9tait pas inconnu des services, notamment de la DGSI\u00a0: il est actuellement vis\u00e9 par une enqu\u00eate pour apologie du terrorisme. Mais, selon le renseignement int\u00e9rieur fran\u00e7ais, il y aurait bien plus grave. S\u00e9journant ill\u00e9galement sur le territoire depuis plusieurs ann\u00e9es, il est suspect\u00e9 d\u2019entretenir des contacts directs avec l\u2019\u00c9tat islamique au Khorassan (EI-K), une branche de Daesh active en Asie, notamment en Afghanistan, au Pakistan et d\u2019autres pays du secteur.<\/p>\n<p>Propagande sur les r\u00e9seaux et financement<\/p>\n<p>Selon Le Parisien, les policiers de la DGSI ont non seulement d\u00e9termin\u00e9 que le suspect relayait la propagande de l\u2019EI-K sur les r\u00e9seaux sociaux, mais aussi qu\u2019il \u00e9tait impliqu\u00e9 dans le financement de l\u2019organisation terroriste, envoyant de l\u2019argent notamment par des transferts de cryptomonnaies.<\/p>\n<\/p>\n<p>Le Parquet national antiterroriste a ouvert une information judiciaire sur ses activit\u00e9s pr\u00e9sum\u00e9es et l\u2019homme a \u00e9t\u00e9 mis en examen pour association de malfaiteurs terroriste criminelle et financement d&rsquo;entreprise terroriste puis plac\u00e9 en d\u00e9tention provisoire. Lors de sa garde \u00e0 vue, il avait ni\u00e9 en bloc tout en reconnaissant qu\u2019il \u00e9tait personnellement int\u00e9ress\u00e9 par la propagande du mouvement terroriste.<\/p>\n","protected":false},"excerpt":{"rendered":"Un Afghan de 20 ans a \u00e9t\u00e9 interpell\u00e9 mercredi alors qu\u2019il se trouvait d\u00e9j\u00e0 d\u00e9tenu au centre de&hellip;\n","protected":false},"author":2,"featured_media":505560,"comment_status":"","ping_status":"","sticky":false,"template":"","format":"standard","meta":{"footnotes":""},"categories":[1889],"tags":[1111,11,2430,33909,33710,1777,674,1011,27,2428,12,1306,25,2429,2431,1254],"class_list":{"0":"post-505559","1":"post","2":"type-post","3":"status-publish","4":"format-standard","5":"has-post-thumbnail","7":"category-lyon","8":"tag-actu","9":"tag-actualites","10":"tag-auvergne-rhone-alpes","11":"tag-daesh","12":"tag-dgsi","13":"tag-eu","14":"tag-europe","15":"tag-fr","16":"tag-france","17":"tag-lyon","18":"tag-news","19":"tag-regions","20":"tag-republique-francaise","21":"tag-rhone","22":"tag-rhone-alpes","23":"tag-terrorisme"},"share_on_mastodon":{"url":"https:\/\/pubeurope.com\/@fr\/115476938408595859","error":""},"_links":{"self":[{"href":"https:\/\/www.europesays.com\/fr\/wp-json\/wp\/v2\/posts\/505559","targetHints":{"allow":["GET"]}}],"collection":[{"href":"https:\/\/www.europesays.com\/fr\/wp-json\/wp\/v2\/posts"}],"about":[{"href":"https:\/\/www.europesays.com\/fr\/wp-json\/wp\/v2\/types\/post"}],"author":[{"embeddable":true,"href":"https:\/\/www.europesays.com\/fr\/wp-json\/wp\/v2\/users\/2"}],"replies":[{"embeddable":true,"href":"https:\/\/www.europesays.com\/fr\/wp-json\/wp\/v2\/comments?post=505559"}],"version-history":[{"count":0,"href":"https:\/\/www.europesays.com\/fr\/wp-json\/wp\/v2\/posts\/505559\/revisions"}],"wp:featuredmedia":[{"embeddable":true,"href":"https:\/\/www.europesays.com\/fr\/wp-json\/wp\/v2\/media\/505560"}],"wp:attachment":[{"href":"https:\/\/www.europesays.com\/fr\/wp-json\/wp\/v2\/media?parent=505559"}],"wp:term":[{"taxonomy":"category","embeddable":true,"href":"https:\/\/www.europesays.com\/fr\/wp-json\/wp\/v2\/categories?post=505559"},{"taxonomy":"post_tag","embeddable":true,"href":"https:\/\/www.europesays.com\/fr\/wp-json\/wp\/v2\/tags?post=505559"}],"curies":[{"name":"wp","href":"https:\/\/api.w.org\/{rel}","templated":true}]}}