{"id":50556,"date":"2025-04-25T01:20:16","date_gmt":"2025-04-25T01:20:16","guid":{"rendered":"https:\/\/www.europesays.com\/fr\/50556\/"},"modified":"2025-04-25T01:20:16","modified_gmt":"2025-04-25T01:20:16","slug":"les-propos-de-trump-concernant-la-crimee-correspondent-pleinement-a-la-position-de-longue-date-de-la-russie","status":"publish","type":"post","link":"https:\/\/www.europesays.com\/fr\/50556\/","title":{"rendered":"les propos de Trump concernant la Crim\u00e9e correspondent pleinement \u00e0 la position de longue date de la Russie"},"content":{"rendered":"<p style=\"text-align:justify;\">AA \/ Moscou \/ Elena Teslova<\/p>\n<p style=\"text-align:justify;\">Le porte-parole du Kremlin, Dmitri Peskov, a d\u00e9clar\u00e9, jeudi, que les r\u00e9centes d\u00e9clarations du pr\u00e9sident am\u00e9ricain Donald Trump concernant la Crim\u00e9e correspondent pleinement \u00e0 la position de longue date de la Russie.<\/p>\n<p style=\"text-align:justify;\">Lors d&rsquo;un point de presse tenu \u00e0 Moscou, Peskov a r\u00e9pondu \u00e0 l&rsquo;affirmation de Trump selon laquelle l&rsquo;Ukraine avait perdu le contr\u00f4le de la p\u00e9ninsule de Crim\u00e9e : \u00ab C&rsquo;est tout \u00e0 fait conforme \u00e0 notre conception et \u00e0 ce que nous disons depuis longtemps. \u00bb<\/p>\n<p style=\"text-align:justify;\">Peskov a r\u00e9affirm\u00e9 l&rsquo;engagement de la Russie dans le processus en cours de r\u00e8glement de la question ukrainienne et a exprim\u00e9 sa reconnaissance pour les efforts de m\u00e9diation de Washington.<\/p>\n<p style=\"text-align:justify;\">\u00ab Le pr\u00e9sident Poutine reste favorable \u00e0 l&rsquo;instauration de la paix \u00e0 condition que les int\u00e9r\u00eats nationaux de la Russie soient pleinement sauvegard\u00e9s. C&rsquo;est une condition fondamentale. Ce travail est en cours \u00bb, a-t-il d\u00e9clar\u00e9.<\/p>\n<p style=\"text-align:justify;\">Interrog\u00e9 sur les propos du vice-pr\u00e9sident am\u00e9ricain JD Vance sugg\u00e9rant un retrait potentiel des \u00c9tats-Unis des n\u00e9gociations de paix, le porte-parole du Kremlin a d\u00e9clar\u00e9 qu&rsquo;il serait pr\u00e9matur\u00e9 de sp\u00e9culer.<\/p>\n<p style=\"text-align:justify;\">\u00ab Les \u00c9tats-Unis participent toujours au dialogue, il serait donc erron\u00e9 de discuter d&rsquo;hypoth\u00e8ses \u00bb, a-t-il fait remarquer.<\/p>\n<p style=\"text-align:justify;\">En ce qui concerne les propositions de d\u00e9ploiement d&rsquo;une force internationale de maintien de la paix en Ukraine, une \u00ab coalition de volontaires \u00bb, Peskov a r\u00e9it\u00e9r\u00e9 l&rsquo;opposition de Moscou \u00e0 cette id\u00e9e.<\/p>\n<p style=\"text-align:justify;\">\u00ab De telles initiatives constituent une grave menace pour la s\u00e9curit\u00e9 europ\u00e9enne et mondiale \u00bb, a-t-il averti.<\/p>\n<p style=\"text-align:justify;\">Quant aux r\u00e9centes discussions tenues \u00e0 Londres, il a pr\u00e9cis\u00e9 qu&rsquo;aucune n\u00e9gociation formelle n&rsquo;y avait eu lieu. \u00ab Il n&rsquo;y a eu que des consultations au niveau des experts \u00bb.<\/p>\n<p style=\"text-align:justify;\">\u00ab Nous observons des difficult\u00e9s \u00e0 r\u00e9duire l&rsquo;\u00e9cart entre les positions des parties, c&rsquo;est pourquoi les plans visant \u00e0 organiser une r\u00e9union politique de haut niveau \u00e0 Londres ont \u00e9t\u00e9 r\u00e9vis\u00e9s \u00bb, a-t-il d\u00e9clar\u00e9.<\/p>\n<p style=\"text-align:justify;\">Peskov a \u00e9galement d\u00e9clar\u00e9 que le Kremlin informerait le public si Vladimir Poutine devait rencontrer l&rsquo;envoy\u00e9 pr\u00e9sidentiel am\u00e9ricain Steven Witkoff.<\/p>\n<p style=\"text-align:justify;\">*Traduit de l\u2019Anglais par Mourad Belhaj<\/p>\n<p>                            &#13;<br \/>\n                                <a href=\"https:\/\/www.aa.com.tr\/fr\/p\/abonnement\/1001\" target=\"_blank\" style=\"font-size:12px; color:#444; text-decoration:none;\" rel=\"nofollow noopener\">&#13;<br \/>\n                                    Seulement une partie des d\u00e9p\u00eaches, que l&rsquo;Agence Anadolu diffuse \u00e0 ses abonn\u00e9s via le Syst\u00e8me de Diffusion interne (HAS), est diffus\u00e9e sur le site de l&rsquo;AA, de mani\u00e8re r\u00e9sum\u00e9e. <b style=\"color:#1897F7\">Contactez-nous s&rsquo;il vous pla\u00eet pour vous abonner.<\/b>&#13;<br \/>\n                                <\/a>&#13;<\/p>\n","protected":false},"excerpt":{"rendered":"AA \/ Moscou \/ Elena Teslova Le porte-parole du Kremlin, Dmitri Peskov, a d\u00e9clar\u00e9, jeudi, que les r\u00e9centes&hellip;\n","protected":false},"author":2,"featured_media":50557,"comment_status":"","ping_status":"","sticky":false,"template":"","format":"standard","meta":{"footnotes":""},"categories":[1591],"tags":[4295,11,1785,271,5438,75,1887,4998,12,1885,1886,132,220],"class_list":{"0":"post-50556","1":"post","2":"type-post","3":"status-publish","4":"format-standard","5":"has-post-thumbnail","7":"category-russie","8":"tag-tats-unis","9":"tag-actualites","10":"tag-anadolu-ajansi","11":"tag-crime","12":"tag-dmitri-peskov","13":"tag-donald-trump","14":"tag-federation-de-russie","15":"tag-kremlin","16":"tag-news","17":"tag-russia","18":"tag-russian-federation","19":"tag-russie","20":"tag-ukraine"},"share_on_mastodon":{"url":"https:\/\/pubeurope.com\/@fr\/114395979584308261","error":""},"_links":{"self":[{"href":"https:\/\/www.europesays.com\/fr\/wp-json\/wp\/v2\/posts\/50556","targetHints":{"allow":["GET"]}}],"collection":[{"href":"https:\/\/www.europesays.com\/fr\/wp-json\/wp\/v2\/posts"}],"about":[{"href":"https:\/\/www.europesays.com\/fr\/wp-json\/wp\/v2\/types\/post"}],"author":[{"embeddable":true,"href":"https:\/\/www.europesays.com\/fr\/wp-json\/wp\/v2\/users\/2"}],"replies":[{"embeddable":true,"href":"https:\/\/www.europesays.com\/fr\/wp-json\/wp\/v2\/comments?post=50556"}],"version-history":[{"count":0,"href":"https:\/\/www.europesays.com\/fr\/wp-json\/wp\/v2\/posts\/50556\/revisions"}],"wp:featuredmedia":[{"embeddable":true,"href":"https:\/\/www.europesays.com\/fr\/wp-json\/wp\/v2\/media\/50557"}],"wp:attachment":[{"href":"https:\/\/www.europesays.com\/fr\/wp-json\/wp\/v2\/media?parent=50556"}],"wp:term":[{"taxonomy":"category","embeddable":true,"href":"https:\/\/www.europesays.com\/fr\/wp-json\/wp\/v2\/categories?post=50556"},{"taxonomy":"post_tag","embeddable":true,"href":"https:\/\/www.europesays.com\/fr\/wp-json\/wp\/v2\/tags?post=50556"}],"curies":[{"name":"wp","href":"https:\/\/api.w.org\/{rel}","templated":true}]}}