{"id":505561,"date":"2025-11-01T23:03:31","date_gmt":"2025-11-01T23:03:31","guid":{"rendered":"https:\/\/www.europesays.com\/fr\/505561\/"},"modified":"2025-11-01T23:03:31","modified_gmt":"2025-11-01T23:03:31","slug":"football-premiere-ligue-ol","status":"publish","type":"post","link":"https:\/\/www.europesays.com\/fr\/505561\/","title":{"rendered":"Football &#8211; Premi\u00e8re Ligue. OL"},"content":{"rendered":"<p>L&rsquo;OL Lyonnes recevait le Paris FC ce samedi au Groupama Stadium dans le match au sommet de la 6e journ\u00e9e de Premi\u00e8re Ligue. Victorieuses de leurs cinq premiers matchs, les Lyonnaises accentue leur avance face aux deuxi\u00e8mes du classement. Revivez cette rencontre en direct comment\u00e9.<\/p>\n<p>&#13;<br \/>\n              Emmanuel Da Silva &#8211; &#13;<br \/>\n        &#13;<br \/>\n          Hier \u00e0 20:30&#13;<br \/>\n    &#13;<br \/>\n                  | mis \u00e0 jour hier \u00e0 23:20&#13;<br \/>\n              &#8211; Temps de lecture : &#13;<br \/>\n  &#13;\n<\/p>\n<p>                        &#13;<br \/>\n    &#13;<br \/>\n    &#13;<br \/>\n    <a href=\"https:\/\/cdn-s-www.leprogres.fr\/images\/EF440320-89ED-4910-8BA3-002DCED43144\/NW_raw\/selma-bacha-photo-stephane-guiochon-1761924226.jpg\" title=\"Selma Bacha Photo St\u00e9phane Guiochon\" class=\"chocolat-image GA-tracking\" data-ga_type=\"click\" data-ga_category=\"D\u00e9tail\" data-ga_action=\"zoomer\" data-ga_label=\"aggrandir image\" target=\"_blank\" rel=\"noopener\">&#13;<br \/>\n        <img src=\"https:\/\/www.europesays.com\/fr\/wp-content\/uploads\/2025\/11\/selma-bacha-photo-stephane-guiochon-1761924226.jpg\"   alt=\"Selma Bacha Photo St\u00e9phane Guiochon\" fetchpriority=\"high\" decoding=\"async\" data-mobile=\"NW_detail_M|1761924226\" data-base=\"NW_detail|1761924226\"\/>&#13;<br \/>\n    <\/a>&#13;<\/p>\n<p>\u00a0Selma Bacha Photo St\u00e9phane Guiochon<\/p>\n","protected":false},"excerpt":{"rendered":"L&rsquo;OL Lyonnes recevait le Paris FC ce samedi au Groupama Stadium dans le match au sommet de la&hellip;\n","protected":false},"author":2,"featured_media":505562,"comment_status":"","ping_status":"","sticky":false,"template":"","format":"standard","meta":{"footnotes":""},"categories":[1889],"tags":[1111,11,2430,3545,1777,674,107,63,1011,27,2428,12,23153,25,2429,517],"class_list":{"0":"post-505561","1":"post","2":"type-post","3":"status-publish","4":"format-standard","5":"has-post-thumbnail","7":"category-lyon","8":"tag-actu","9":"tag-actualites","10":"tag-auvergne-rhone-alpes","11":"tag-direct-sport","12":"tag-eu","13":"tag-europe","14":"tag-fil-info","15":"tag-football","16":"tag-fr","17":"tag-france","18":"tag-lyon","19":"tag-news","20":"tag-ol-lyonnes-olympique-lyonnais-feminin","21":"tag-republique-francaise","22":"tag-rhone","23":"tag-sport"},"share_on_mastodon":{"url":"https:\/\/pubeurope.com\/@fr\/115476943113865625","error":""},"_links":{"self":[{"href":"https:\/\/www.europesays.com\/fr\/wp-json\/wp\/v2\/posts\/505561","targetHints":{"allow":["GET"]}}],"collection":[{"href":"https:\/\/www.europesays.com\/fr\/wp-json\/wp\/v2\/posts"}],"about":[{"href":"https:\/\/www.europesays.com\/fr\/wp-json\/wp\/v2\/types\/post"}],"author":[{"embeddable":true,"href":"https:\/\/www.europesays.com\/fr\/wp-json\/wp\/v2\/users\/2"}],"replies":[{"embeddable":true,"href":"https:\/\/www.europesays.com\/fr\/wp-json\/wp\/v2\/comments?post=505561"}],"version-history":[{"count":0,"href":"https:\/\/www.europesays.com\/fr\/wp-json\/wp\/v2\/posts\/505561\/revisions"}],"wp:featuredmedia":[{"embeddable":true,"href":"https:\/\/www.europesays.com\/fr\/wp-json\/wp\/v2\/media\/505562"}],"wp:attachment":[{"href":"https:\/\/www.europesays.com\/fr\/wp-json\/wp\/v2\/media?parent=505561"}],"wp:term":[{"taxonomy":"category","embeddable":true,"href":"https:\/\/www.europesays.com\/fr\/wp-json\/wp\/v2\/categories?post=505561"},{"taxonomy":"post_tag","embeddable":true,"href":"https:\/\/www.europesays.com\/fr\/wp-json\/wp\/v2\/tags?post=505561"}],"curies":[{"name":"wp","href":"https:\/\/api.w.org\/{rel}","templated":true}]}}