{"id":505577,"date":"2025-11-01T23:13:23","date_gmt":"2025-11-01T23:13:23","guid":{"rendered":"https:\/\/www.europesays.com\/fr\/505577\/"},"modified":"2025-11-01T23:13:23","modified_gmt":"2025-11-01T23:13:23","slug":"lancien-president-barack-obama-deplore-politique-tarifaire-chaotique","status":"publish","type":"post","link":"https:\/\/www.europesays.com\/fr\/505577\/","title":{"rendered":"l&rsquo;ancien pr\u00e9sident Barack Obama d\u00e9plore \u00ab\u00a0politique tarifaire chaotique\u00a0\u00bb"},"content":{"rendered":"<p><img loading=\"lazy\" decoding=\"async\" src=\"https:\/\/www.europesays.com\/fr\/wp-content\/uploads\/2025\/11\/USA-l-ancien-president-Barack-Obama-deplore-politique-tarifaire-chaotique-2165108.webp.webp\" width=\"1200\" height=\"675\" alt=\"placeholder video\"\/><\/p>\n<p>L&rsquo;ancien pr\u00e9sident am\u00e9ricain Barack Obama prend la parole \u00e0 Norfolk lors d&rsquo;un rassemblement de campagne pour Abigail Spanberger, candidate d\u00e9mocrate au poste de gouverneure de Virginie ce samedi 1er novembre. Il s&rsquo;attaque \u00e0 la politique de son successeur. \u00ab\u00a0L&rsquo;\u00e9conomie a \u00e9t\u00e9 vraiment bonne pour certains des amis milliardaires de Trump\u00a0\u00bb, d\u00e9plore-t-il.<\/p>\n<p>Hier \u00e0 21h59 | Dur\u00e9e : 3:07<\/p>\n","protected":false},"excerpt":{"rendered":"L&rsquo;ancien pr\u00e9sident am\u00e9ricain Barack Obama prend la parole \u00e0 Norfolk lors d&rsquo;un rassemblement de campagne pour Abigail Spanberger,&hellip;\n","protected":false},"author":2,"featured_media":505578,"comment_status":"","ping_status":"","sticky":false,"template":"","format":"standard","meta":{"footnotes":""},"categories":[1589],"tags":[11,73,1866,12,1864,1865,1863,308],"class_list":{"0":"post-505577","1":"post","2":"type-post","3":"status-publish","4":"format-standard","5":"has-post-thumbnail","7":"category-etats-unis","8":"tag-actualites","9":"tag-etats-unis","10":"tag-etats-unis-damerique","11":"tag-news","12":"tag-united-states","13":"tag-united-states-of-america","14":"tag-us","15":"tag-usa"},"share_on_mastodon":{"url":"https:\/\/pubeurope.com\/@fr\/115476982711036225","error":""},"_links":{"self":[{"href":"https:\/\/www.europesays.com\/fr\/wp-json\/wp\/v2\/posts\/505577","targetHints":{"allow":["GET"]}}],"collection":[{"href":"https:\/\/www.europesays.com\/fr\/wp-json\/wp\/v2\/posts"}],"about":[{"href":"https:\/\/www.europesays.com\/fr\/wp-json\/wp\/v2\/types\/post"}],"author":[{"embeddable":true,"href":"https:\/\/www.europesays.com\/fr\/wp-json\/wp\/v2\/users\/2"}],"replies":[{"embeddable":true,"href":"https:\/\/www.europesays.com\/fr\/wp-json\/wp\/v2\/comments?post=505577"}],"version-history":[{"count":0,"href":"https:\/\/www.europesays.com\/fr\/wp-json\/wp\/v2\/posts\/505577\/revisions"}],"wp:featuredmedia":[{"embeddable":true,"href":"https:\/\/www.europesays.com\/fr\/wp-json\/wp\/v2\/media\/505578"}],"wp:attachment":[{"href":"https:\/\/www.europesays.com\/fr\/wp-json\/wp\/v2\/media?parent=505577"}],"wp:term":[{"taxonomy":"category","embeddable":true,"href":"https:\/\/www.europesays.com\/fr\/wp-json\/wp\/v2\/categories?post=505577"},{"taxonomy":"post_tag","embeddable":true,"href":"https:\/\/www.europesays.com\/fr\/wp-json\/wp\/v2\/tags?post=505577"}],"curies":[{"name":"wp","href":"https:\/\/api.w.org\/{rel}","templated":true}]}}