{"id":505598,"date":"2025-11-01T23:30:31","date_gmt":"2025-11-01T23:30:31","guid":{"rendered":"https:\/\/www.europesays.com\/fr\/505598\/"},"modified":"2025-11-01T23:30:31","modified_gmt":"2025-11-01T23:30:31","slug":"virginie-efira-48-ans-fait-polemique-sur-les-reseaux-sociaux-et-les-haters-sen-donnent-a-coeur-joie","status":"publish","type":"post","link":"https:\/\/www.europesays.com\/fr\/505598\/","title":{"rendered":"Virginie Efira, 48 ans, fait pol\u00e9mique sur les r\u00e9seaux sociaux et les haters s\u2019en donnent \u00e0 c\u0153ur joie"},"content":{"rendered":"<p class=\"mb-4 text-lg md:leading-8 break-words\">Cette semaine, Virginie Efira \u00e9tait de passage sur le plateau de <strong>C \u00e0 vous<\/strong>. L\u2019actrice belge, qu\u2019on adore pour sa classe et son sens de l\u2019autod\u00e9rision, venait pr\u00e9senter son nouveau film <strong>Les Braises,<\/strong> attendu mercredi prochain au cin\u00e9ma.<\/p>\n<p class=\"mb-4 text-lg md:leading-8 break-words\">Et pour cette promo, deux vid\u00e9os post\u00e9es sur le compte Instagram de l\u2019\u00e9mission ont vite fait parler d\u2019elles.<\/p>\n<p class=\"mb-4 text-lg md:leading-8 break-words\">Dans la premi\u00e8re, Virginie raconte une anecdote juicy sur un journaliste un peu trop relax et visiblement sans grande conscience professionnelle : \u201cIl m\u2019a laiss\u00e9e les questions et l\u2019enregistreur.\u201d<\/p>\n<p class=\"mb-4 text-lg md:leading-8 break-words\">Dans la seconde, elle joue le jeu du \u201ctu pr\u00e9f\u00e8res \u00e7a ou \u00e7a\u201d, et ses r\u00e9ponses sont \u00e0 son image : simples, franches, un peu moqueuses. Elle avoue donc pr\u00e9f\u00e9rer <strong>20 ans d\u2019\u00e9cart<\/strong> \u00e0 <strong>Un homme \u00e0 la hauteur<\/strong>, Paris \u00e0 Bruxelles, et \u00e9coute autant Charlotte Cardin qu\u2019Aliocha Schneider, son beau-fr\u00e8re. Et quand vient la question <strong>Star Academy <\/strong>ou <strong>Nouvelle Star<\/strong> (qu\u2019elle a longtemps anim\u00e9e), elle tranche sans h\u00e9siter. Bref, un moment l\u00e9ger, dr\u00f4le, sans prise de t\u00eate.<\/p>\n<p>Mais forc\u00e9ment, il y en a toujours pour critiquer<\/p>\n<p class=\"mb-4 text-lg md:leading-8 break-words\">Et pourtant, au lieu de parler&#8230;<\/p>\n<p class=\"mb-4 text-lg md:leading-8 break-words\"><a data-i13n=\"cpos:1;pos:1\" href=\"https:\/\/www.terrafemina.com\/article\/trop-de-botox-bouffie-virginie-efira-48-ans-fait-polemique-sur-les-reseaux-sociaux-et-les-haters-sen-donnent-a-coeur-joie_a376688\/1\" rel=\"nofollow noopener\" target=\"_blank\" data-ylk=\"slk:Lire la suite;cpos:1;pos:1;elm:context_link;itc:0;sec:content-canvas\" class=\"link \">Lire la suite<\/a><\/p>\n<p class=\"mb-4 text-lg md:leading-8 break-words\">\u00c0 lire aussi<\/p>\n<p class=\"mb-4 text-lg md:leading-8 break-words\"><a data-i13n=\"cpos:2;pos:1\" href=\"https:\/\/www.terrafemina.com\/article\/elle-a-des-spasmes-elle-a-pris-quoi-shy-m-dechainee-sur-scene-les-internautes-s-en-donnent-a-coeur-joie-pour-la-critiquer_a376273\/1\" rel=\"nofollow noopener\" target=\"_blank\" data-ylk=\"slk:\u201cElle a des spasmes ?\u201d, \u201cElle a pris quoi ?\u201d : Shy\u2019m d\u00e9cha\u00een\u00e9e sur sc\u00e8ne, les internautes s\u2019en donnent \u00e0 coeur joie pour la critiquer;cpos:2;pos:1;elm:context_link;itc:0;sec:content-canvas\" class=\"link \">\u201cElle a des spasmes ?\u201d, \u201cElle a pris quoi ?\u201d : Shy\u2019m d\u00e9cha\u00een\u00e9e sur sc\u00e8ne, les internautes s\u2019en donnent \u00e0 coeur joie pour la critiquer<\/a><br \/><a data-i13n=\"cpos:3;pos:1\" href=\"https:\/\/www.terrafemina.com\/article\/trop-de-botox-0-classe-personne-veut-voir-ca-ce-mannequin-de-54-ans-defile-en-bikini-string-et-se-fait-clasher-sur-les-reseaux-sociaux_a375776\/1\" rel=\"nofollow noopener\" target=\"_blank\" data-ylk=\"slk:\u201cTrop de botox\u201d, \u201c0 classe\u201d, \u201cpersonne veut voir \u00e7a\u201d : ce mannequin de 54 ans d\u00e9file en bikini string et se fait clasher sur les r\u00e9seaux sociaux;cpos:3;pos:1;elm:context_link;itc:0;sec:content-canvas\" class=\"link \">\u201cTrop de botox\u201d, \u201c0 classe\u201d, \u201cpersonne veut voir \u00e7a\u201d : ce mannequin de 54 ans d\u00e9file en bikini string et se fait clasher sur les r\u00e9seaux sociaux<\/a><br \/><a data-i13n=\"cpos:4;pos:1\" href=\"https:\/\/www.terrafemina.com\/article\/une-enfant-de-11-ans-n-a-rien-a-faire-la-kim-kardashian-emmene-sa-fille-au-met-gala-et-ca-fait-polemique_a375598\/1\" rel=\"nofollow noopener\" target=\"_blank\" data-ylk=\"slk:&quot;Une enfant de 11 ans n&#039;a rien \u00e0 faire l\u00e0&quot; : Kim Kardashian emm\u00e8ne sa fille au Met Gala et \u00e7a fait pol\u00e9mique;cpos:4;pos:1;elm:context_link;itc:0;sec:content-canvas\" class=\"link \">\u00ab\u00a0Une enfant de 11 ans n&rsquo;a rien \u00e0 faire l\u00e0\u00a0\u00bb : Kim Kardashian emm\u00e8ne sa fille au Met Gala et \u00e7a fait pol\u00e9mique<\/a><\/p>\n","protected":false},"excerpt":{"rendered":"Cette semaine, Virginie Efira \u00e9tait de passage sur le plateau de C \u00e0 vous. L\u2019actrice belge, qu\u2019on adore&hellip;\n","protected":false},"author":2,"featured_media":505599,"comment_status":"","ping_status":"","sticky":false,"template":"","format":"standard","meta":{"footnotes":""},"categories":[1359],"tags":[30350,58,59,1011,27,973,13453],"class_list":{"0":"post-505598","1":"post","2":"type-post","3":"status-publish","4":"format-standard","5":"has-post-thumbnail","7":"category-people","8":"tag-charlotte-cardin","9":"tag-divertissement","10":"tag-entertainment","11":"tag-fr","12":"tag-france","13":"tag-people","14":"tag-virginie-efira"},"share_on_mastodon":{"url":"https:\/\/pubeurope.com\/@fr\/115477048369739424","error":""},"_links":{"self":[{"href":"https:\/\/www.europesays.com\/fr\/wp-json\/wp\/v2\/posts\/505598","targetHints":{"allow":["GET"]}}],"collection":[{"href":"https:\/\/www.europesays.com\/fr\/wp-json\/wp\/v2\/posts"}],"about":[{"href":"https:\/\/www.europesays.com\/fr\/wp-json\/wp\/v2\/types\/post"}],"author":[{"embeddable":true,"href":"https:\/\/www.europesays.com\/fr\/wp-json\/wp\/v2\/users\/2"}],"replies":[{"embeddable":true,"href":"https:\/\/www.europesays.com\/fr\/wp-json\/wp\/v2\/comments?post=505598"}],"version-history":[{"count":0,"href":"https:\/\/www.europesays.com\/fr\/wp-json\/wp\/v2\/posts\/505598\/revisions"}],"wp:featuredmedia":[{"embeddable":true,"href":"https:\/\/www.europesays.com\/fr\/wp-json\/wp\/v2\/media\/505599"}],"wp:attachment":[{"href":"https:\/\/www.europesays.com\/fr\/wp-json\/wp\/v2\/media?parent=505598"}],"wp:term":[{"taxonomy":"category","embeddable":true,"href":"https:\/\/www.europesays.com\/fr\/wp-json\/wp\/v2\/categories?post=505598"},{"taxonomy":"post_tag","embeddable":true,"href":"https:\/\/www.europesays.com\/fr\/wp-json\/wp\/v2\/tags?post=505598"}],"curies":[{"name":"wp","href":"https:\/\/api.w.org\/{rel}","templated":true}]}}