{"id":50560,"date":"2025-04-25T01:22:06","date_gmt":"2025-04-25T01:22:06","guid":{"rendered":"https:\/\/www.europesays.com\/fr\/50560\/"},"modified":"2025-04-25T01:22:06","modified_gmt":"2025-04-25T01:22:06","slug":"les-tribulations-dune-famille-americano-egyptienne-apres-le-11-septembre-2001","status":"publish","type":"post","link":"https:\/\/www.europesays.com\/fr\/50560\/","title":{"rendered":"les tribulations d\u2019une famille am\u00e9ricano-\u00e9gyptienne apr\u00e8s le 11 septembre 2001"},"content":{"rendered":"\n<p>\u201c#1 Happy Family USA parvient \u00e0 m\u00ealer les tourments de l\u2019adolescence au quotidien terrifiant d\u2019une famille musulmane victime du sursaut de x\u00e9nophobie de la soci\u00e9t\u00e9 am\u00e9ricaine [apr\u00e8s <a href=\"https:\/\/www.courrierinternational.com\/article\/vingt-ans-apres-le-sombre-avertissement-du-11-septembre\" rel=\"nofollow noopener\" target=\"_blank\">les attentats du 11\u00a0septembre 2001<\/a>] \u2013 tout en se moquant de certaines bizarreries typiques du d\u00e9but des ann\u00e9es 2000\u201d, <a href=\"https:\/\/www.nytimes.com\/2025\/04\/15\/arts\/television\/1-happy-family-usa-ramy-youssef-animated.html?searchResultPosition=1\" rel=\"nofollow noopener\" target=\"_blank\">loue <strong>The New York Times<\/strong><\/a><strong>.<\/strong> Lanc\u00e9e sur Amazon Prime le 17\u00a0avril 2025, la s\u00e9rie anim\u00e9e a enthousiasm\u00e9 les critiques, ravis de retrouver son cr\u00e9ateur, Rami Youssef.<\/p>\n<p>Ce dernier s\u2019est fait conna\u00eetre pour une s\u00e9rie d\u00e9j\u00e0 inspir\u00e9e de sa famille et de son enfance dans le New Jersey, Ramy (2019, disponible en France sur plusieurs plateformes), et pour avoir cocr\u00e9\u00e9 en 2022 <a href=\"https:\/\/www.courrierinternational.com\/article\/vu-du-monde-arabe-mo-sur-netflix-un-stereotype-palestinien-a-la-sauce-americaine\" rel=\"nofollow noopener\" target=\"_blank\">Mo, avec Mohammed Amer, une s\u00e9rie Netflix<\/a> sur une famille palestinienne \u00e9migr\u00e9e au Texas.<\/p>\n<p>C\u2019est par l\u2019animation, cette fois, que l\u2019acteur et r\u00e9alisateur am\u00e9ricano-\u00e9gyptien choisit de raconter avec une plus grande libert\u00e9 une p\u00e9riode particuli\u00e8rement traumatisante pour les \u00c9tats-Unis et les familles musulmanes du pays\u00a0: celle qui a suivi le 11\u00a0Septembre.<\/p>\n<p> Une bonne dose d\u2019absurde <\/p>\n<p>#1 Happy Family USA met ainsi en sc\u00e8ne Rumi Hussein, un petit Am\u00e9ricano-\u00c9gyptien de 12\u00a0ans, et ses proches, qui vivent dans le New Jersey, aux prises avec un contexte de plus en plus hostile \u00e0 leur \u00e9gard. Co\u00e9crite avec Pam Brady, l\u2019une des sc\u00e9naristes de\u00a0South Park, la s\u00e9rie joue sur la m\u00eame absurdit\u00e9.<\/p>\n<p>\u201cElle invite le spectateur \u00e0 suivre les m\u00e9saventur<\/p>\n","protected":false},"excerpt":{"rendered":"\u201c#1 Happy Family USA parvient \u00e0 m\u00ealer les tourments de l\u2019adolescence au quotidien terrifiant d\u2019une famille musulmane victime&hellip;\n","protected":false},"author":2,"featured_media":50561,"comment_status":"","ping_status":"","sticky":false,"template":"","format":"standard","meta":{"footnotes":""},"categories":[1589],"tags":[11,3822,14325,251,73,1866,6269,12,14324,770,1864,1865,1863,308],"class_list":{"0":"post-50560","1":"post","2":"type-post","3":"status-publish","4":"format-standard","5":"has-post-thumbnail","7":"category-etats-unis","8":"tag-actualites","9":"tag-amu00e9riques","10":"tag-attentats-du-11-septembre-2001","11":"tag-culture","12":"tag-etats-unis","13":"tag-etats-unis-damerique","14":"tag-islamophobie","15":"tag-news","16":"tag-su00e9ries","17":"tag-u00e9tats-unis","18":"tag-united-states","19":"tag-united-states-of-america","20":"tag-us","21":"tag-usa"},"share_on_mastodon":{"url":"https:\/\/pubeurope.com\/@fr\/114395987620484897","error":""},"_links":{"self":[{"href":"https:\/\/www.europesays.com\/fr\/wp-json\/wp\/v2\/posts\/50560","targetHints":{"allow":["GET"]}}],"collection":[{"href":"https:\/\/www.europesays.com\/fr\/wp-json\/wp\/v2\/posts"}],"about":[{"href":"https:\/\/www.europesays.com\/fr\/wp-json\/wp\/v2\/types\/post"}],"author":[{"embeddable":true,"href":"https:\/\/www.europesays.com\/fr\/wp-json\/wp\/v2\/users\/2"}],"replies":[{"embeddable":true,"href":"https:\/\/www.europesays.com\/fr\/wp-json\/wp\/v2\/comments?post=50560"}],"version-history":[{"count":0,"href":"https:\/\/www.europesays.com\/fr\/wp-json\/wp\/v2\/posts\/50560\/revisions"}],"wp:featuredmedia":[{"embeddable":true,"href":"https:\/\/www.europesays.com\/fr\/wp-json\/wp\/v2\/media\/50561"}],"wp:attachment":[{"href":"https:\/\/www.europesays.com\/fr\/wp-json\/wp\/v2\/media?parent=50560"}],"wp:term":[{"taxonomy":"category","embeddable":true,"href":"https:\/\/www.europesays.com\/fr\/wp-json\/wp\/v2\/categories?post=50560"},{"taxonomy":"post_tag","embeddable":true,"href":"https:\/\/www.europesays.com\/fr\/wp-json\/wp\/v2\/tags?post=50560"}],"curies":[{"name":"wp","href":"https:\/\/api.w.org\/{rel}","templated":true}]}}