{"id":505600,"date":"2025-11-01T23:32:14","date_gmt":"2025-11-01T23:32:14","guid":{"rendered":"https:\/\/www.europesays.com\/fr\/505600\/"},"modified":"2025-11-01T23:32:14","modified_gmt":"2025-11-01T23:32:14","slug":"casse-du-louvre-deux-nouvelles-mises-en-examen-samedi-quatre-au-total-01-11-2025-a-2157","status":"publish","type":"post","link":"https:\/\/www.europesays.com\/fr\/505600\/","title":{"rendered":"Casse du Louvre: deux nouvelles mises en examen samedi, quatre au total &#8211; 01\/11\/2025 \u00e0 21:57"},"content":{"rendered":"<p>        <img decoding=\"async\" src=\"https:\/\/www.europesays.com\/fr\/wp-content\/uploads\/2025\/11\/888dd9b635acae6cc3e173b25d197acc-760x506.jpg\" alt=\"Des policiers se tiennent pr\u00e8s du monte-charge utilis\u00e9 par des cambrioleurs pour p\u00e9n\u00e9trer dans le mus\u00e9e du Louvre, le 19 octobre 2025 \u00e0 Paris ( AFP \/ Dimitar DILKOFF )\" loading=\"eager\" fetchpriority=\"high\" width=\"760\" height=\"506\" style=\"max-width: 100%!important; height: auto;\"\/><\/p>\n<p class=\"c-image-news__legend\">Des policiers se tiennent pr\u00e8s du monte-charge utilis\u00e9 par des cambrioleurs pour p\u00e9n\u00e9trer dans le mus\u00e9e du Louvre, le 19 octobre 2025 \u00e0 Paris ( AFP \/ Dimitar DILKOFF )<\/p>\n<p>\n Deux nouvelles personnes ont \u00e9t\u00e9 mises en examen et plac\u00e9es en d\u00e9tention provisoire samedi dans le cadre de l&rsquo;enqu\u00eate sur le casse spectaculaire du Louvre, portant \u00e0 quatre le nombre de suspects \u00e9crou\u00e9s dans ce dossier.\n<\/p>\n<p>\n Il s&rsquo;agit d&rsquo;un homme de 37 ans, soup\u00e7onn\u00e9 d&rsquo;\u00eatre un des quatre membres du commando ayant d\u00e9rob\u00e9 des joyaux le 19 octobre dans le mus\u00e9e le plus visit\u00e9 au monde, et d&rsquo;une m\u00e8re de famille de 38 ans.\n<\/p>\n<p>\n \u00ab\u00a0Lors de leurs auditions de garde \u00e0 vue\u00a0\u00bb puis devant le magistrat samedi, ces deux personnes, interpell\u00e9es mercredi soir, \u00ab\u00a0ont contest\u00e9 toute implication\u00a0\u00bb, a pr\u00e9cis\u00e9 la procureure dans un communiqu\u00e9.\n<\/p>\n<p>\n L&rsquo;homme a \u00e9t\u00e9 mis en examen pour vols en bande organis\u00e9e et association de malfaiteurs en vue de la pr\u00e9paration du crime de vol en bande organis\u00e9. \u00ab\u00a0Connu de l&rsquo;autorit\u00e9 judiciaire notamment pour des faits de vol\u00a0\u00bb, il a \u00ab\u00a0sollicit\u00e9 un d\u00e9bat diff\u00e9r\u00e9\u00a0\u00bb et \u00ab\u00a0\u00e9t\u00e9 incarc\u00e9r\u00e9 provisoirement dans l&rsquo;attente\u00a0\u00bb de l&rsquo;audience pr\u00e9vue \u00ab\u00a0dans les prochains jours\u00a0\u00bb devant le juge des libert\u00e9s et de la d\u00e9tention (JLD), a-t-elle ajout\u00e9.\n<\/p>\n<p>\n La femme a de son c\u00f4t\u00e9 \u00ab\u00a0\u00e9t\u00e9 mise en examen pour complicit\u00e9 de vol commis en bande organis\u00e9e et association de malfaiteurs en vue de la pr\u00e9paration du crime de vol en bande organis\u00e9e\u00a0\u00bb, a indiqu\u00e9 Mme Beccuau. Elle a \u00e9t\u00e9 plac\u00e9e en d\u00e9tention provisoire par le JLD, conform\u00e9ment aux r\u00e9quisitions du parquet.\n<\/p>\n<\/p>\n<p>\n Cette habitante de La Courneuve (Seine-Saint-Denis), \u00e9tait en pleurs, disant avoir \u00ab\u00a0peur\u00a0\u00bb pour ses enfants et pour elle-m\u00eame, lors d&rsquo;une audience \u00e0 laquelle a pu partiellement assister l&rsquo;AFP.\n<\/p>\n<p>\n Lors du prononc\u00e9 de la d\u00e9cision, la magistrate a \u00e9voqu\u00e9 un \u00ab\u00a0ADN de transfert\u00a0\u00bb, qui pourrait \u00eatre le fruit d&rsquo;une contamination indirecte. Elle a motiv\u00e9 l&rsquo;incarc\u00e9ration par \u00ab\u00a0un \u00ab\u00a0risque de concertation\u00a0\u00bb et de \u00ab\u00a0trouble \u00e0 l&rsquo;ordre public\u00a0\u00bb.\n<\/p>\n<p>\n L&rsquo;un des avocats de cette m\u00e8re de famille, Me Adrien Sorrentino, a soulign\u00e9 que cette derni\u00e8re \u00ab\u00a0contest(ait) farouchement les incriminations retenues\u00a0\u00bb.\n<\/p>\n<p> &#8211; \u00ab\u00a0Filets d\u00e9rivants\u00a0\u00bb &#8211;<\/p>\n<p>        <img decoding=\"async\" src=\"https:\/\/www.europesays.com\/fr\/wp-content\/uploads\/2025\/11\/567306d2c59c5369a8a0202cb2839ca9-760x506.jpg\" alt=\"La procureure de Paris Laure Beccuau donne une conf\u00e9rence de presse concernant le cambriolage au Louvre, le 29 octobre 2025 \u00e0 Paris ( AFP \/ STEPHANE DE SAKUTIN )\" loading=\"eager\" fetchpriority=\"high\" width=\"760\" height=\"506\" style=\"max-width: 100%!important; height: auto;\"\/><\/p>\n<p class=\"c-image-news__legend\">La procureure de Paris Laure Beccuau donne une conf\u00e9rence de presse concernant le cambriolage au Louvre, le 29 octobre 2025 \u00e0 Paris ( AFP \/ STEPHANE DE SAKUTIN )<\/p>\n<p>\n Deux trentenaires, soup\u00e7onn\u00e9s d&rsquo;avoir fait partie du commando de quatre hommes, avaient d\u00e9j\u00e0 \u00e9t\u00e9 arr\u00eat\u00e9s il y a une semaine. Ces deux habitants d&rsquo;Aubervilliers (Seine-Saint-Denis), \u00e2g\u00e9s de 34 et 39 ans, ont \u00e9t\u00e9 mis en examen et plac\u00e9s en d\u00e9tention provisoire mercredi soir.\n<\/p>\n<p>\n Ces deux hommes (l&rsquo;un arr\u00eat\u00e9 \u00e0 l&rsquo;a\u00e9roport de Roissy alors qu&rsquo;il tentait de rejoindre l&rsquo;Alg\u00e9rie, l&rsquo;autre \u00e0 Aubervilliers) ont fait des aveux \u00ab\u00a0minimalistes\u00a0\u00bb, avait indiqu\u00e9 Laure Beccuau jeudi matin.\n<\/p>\n<p>\n \u00ab\u00a0Il y a quatre auteurs, il en reste au moins un \u00e0 retrouver, plus sans doute le ou les commanditaires, ainsi que les bijoux. C&rsquo;est la grande pr\u00e9occupation\u00a0\u00bb, a d\u00e9clar\u00e9 le ministre de l&rsquo;Int\u00e9rieur Laurent Nu\u00f1ez dans un entretien publi\u00e9 samedi par Le Parisien.\n<\/p>\n<p>\n \u00ab\u00a0Il y a plusieurs hypoth\u00e8ses concernant les biens, y compris qu&rsquo;ils soient d\u00e9j\u00e0 \u00e9coul\u00e9s \u00e0 l&rsquo;\u00e9tranger. Mais je reste confiant que l&rsquo;on puisse les retrouver\u00a0\u00bb, a d\u00e9clar\u00e9 le ministre.\n<\/p>\n<p>\n Il a estim\u00e9 qu'\u00a0\u00bbil n&rsquo;y a pas de raison de penser \u00e0 des ing\u00e9rences \u00e9trang\u00e8res, y compris russes, dans cette affaire\u00a0\u00bb.\n<\/p>\n<\/p>\n<p>\n Trois autres personnes interpell\u00e9es mercredi, dans le cadre de cette enqu\u00eate hors norme sur un casse au butin estim\u00e9 \u00e0 88 millions d&rsquo;euros, ont par ailleurs \u00e9t\u00e9 remises en libert\u00e9 \u00e0 l&rsquo;issue de leur garde \u00e0 vue, sans poursuite, a indiqu\u00e9 la procureure.\n<\/p>\n<p>\n \u00ab\u00a0Dans ces affaires de grande criminalit\u00e9, nous constatons que les vagues d&rsquo;interpellations ressemblent davantage \u00e0 des filets d\u00e9rivants\u00a0\u00bb, ont r\u00e9agi aupr\u00e8s de l&rsquo;AFP Sofia Bougrine et No\u00e9mie Gorin, avocates de l&rsquo;une de ces personnes.\n<\/p>\n<p>\n Les nouvelles interpellations \u00e9taient li\u00e9es \u00e0 des \u00e9l\u00e9ments comme des traces ADN, la vid\u00e9osurveillance ou l&rsquo;examen de la t\u00e9l\u00e9phonie, avait expliqu\u00e9 Mme Beccuau.\n<\/p>\n<p> &#8211; \u00ab\u00a0Faille s\u00e9curitaire majeure\u00a0\u00bb &#8211;<\/p>\n<p>\n Ce cambriolage spectaculaire a provoqu\u00e9 des d\u00e9bats-fleuves sur la s\u00e9curit\u00e9 du Louvre.\n<\/p>\n<p>        <img decoding=\"async\" src=\"https:\/\/www.europesays.com\/fr\/wp-content\/uploads\/2025\/11\/3f90b3af896f9fb308cf5cd93cb8143e-760x507.jpg\" alt=\"La ministre de la Culture Rachida Dati le 29 octobre 2025 \u00e0 Paris ( AFP \/ Ludovic MARIN )\" loading=\"eager\" fetchpriority=\"high\" width=\"760\" height=\"507\" style=\"max-width: 100%!important; height: auto;\"\/><\/p>\n<p class=\"c-image-news__legend\">La ministre de la Culture Rachida Dati le 29 octobre 2025 \u00e0 Paris ( AFP \/ Ludovic MARIN )<\/p>\n<p>\n La ministre de la Culture Rachida Dati a d\u00e9voil\u00e9 vendredi les premi\u00e8res conclusions de l&rsquo;enqu\u00eate de l&rsquo;Inspection g\u00e9n\u00e9rale des affaires culturelles, avec un bilan tr\u00e8s critique: \u00ab\u00a0Une sous-estimation chronique, structurelle, du risque intrusion et vol\u00a0\u00bb par le Louvre, \u00ab\u00a0un sous-\u00e9quipement des dispositifs de s\u00e9curit\u00e9\u00a0\u00bb, une gouvernance \u00ab\u00a0pas adapt\u00e9e\u00a0\u00bb et des protocoles de r\u00e9action aux vols et intrusions \u00ab\u00a0totalement obsol\u00e8tes\u00a0\u00bb.\n<\/p>\n<p>\n Elle a annonc\u00e9 des mesures pour r\u00e9pondre \u00e0 une \u00ab\u00a0faille s\u00e9curitaire majeure\u00a0\u00bb \u00e0 l&rsquo;ext\u00e9rieur du mus\u00e9e.\n<\/p>\n<p>\n Le jour du casse, les quatre malfaiteurs avaient pu garer un camion-\u00e9l\u00e9vateur au pied du mus\u00e9e, permettant \u00e0 deux d&rsquo;entre eux de se hisser avec une nacelle jusqu&rsquo;\u00e0 la galerie d&rsquo;Apollon.<\/p>\n","protected":false},"excerpt":{"rendered":"Des policiers se tiennent pr\u00e8s du monte-charge utilis\u00e9 par des cambrioleurs pour p\u00e9n\u00e9trer dans le mus\u00e9e du Louvre,&hellip;\n","protected":false},"author":2,"featured_media":505601,"comment_status":"","ping_status":"","sticky":false,"template":"","format":"standard","meta":{"footnotes":""},"categories":[1358],"tags":[400,1348,1384,1385,398,408,405,1386,58,59,1011,27,403,402,399,404,401,406,407],"class_list":{"0":"post-505600","1":"post","2":"type-post","3":"status-publish","4":"format-standard","5":"has-post-thumbnail","7":"category-arts-et-design","8":"tag-action-cac-40","9":"tag-arts","10":"tag-arts-and-design","11":"tag-arts-et-design","12":"tag-bourse-de-paris","13":"tag-boursorama","14":"tag-cotations","15":"tag-design","16":"tag-divertissement","17":"tag-entertainment","18":"tag-fr","19":"tag-france","20":"tag-indices-devises","21":"tag-investir","22":"tag-investissement","23":"tag-marche-boursier","24":"tag-sicav","25":"tag-trackers","26":"tag-warrants"},"share_on_mastodon":{"url":"https:\/\/pubeurope.com\/@fr\/115477056956252922","error":""},"_links":{"self":[{"href":"https:\/\/www.europesays.com\/fr\/wp-json\/wp\/v2\/posts\/505600","targetHints":{"allow":["GET"]}}],"collection":[{"href":"https:\/\/www.europesays.com\/fr\/wp-json\/wp\/v2\/posts"}],"about":[{"href":"https:\/\/www.europesays.com\/fr\/wp-json\/wp\/v2\/types\/post"}],"author":[{"embeddable":true,"href":"https:\/\/www.europesays.com\/fr\/wp-json\/wp\/v2\/users\/2"}],"replies":[{"embeddable":true,"href":"https:\/\/www.europesays.com\/fr\/wp-json\/wp\/v2\/comments?post=505600"}],"version-history":[{"count":0,"href":"https:\/\/www.europesays.com\/fr\/wp-json\/wp\/v2\/posts\/505600\/revisions"}],"wp:featuredmedia":[{"embeddable":true,"href":"https:\/\/www.europesays.com\/fr\/wp-json\/wp\/v2\/media\/505601"}],"wp:attachment":[{"href":"https:\/\/www.europesays.com\/fr\/wp-json\/wp\/v2\/media?parent=505600"}],"wp:term":[{"taxonomy":"category","embeddable":true,"href":"https:\/\/www.europesays.com\/fr\/wp-json\/wp\/v2\/categories?post=505600"},{"taxonomy":"post_tag","embeddable":true,"href":"https:\/\/www.europesays.com\/fr\/wp-json\/wp\/v2\/tags?post=505600"}],"curies":[{"name":"wp","href":"https:\/\/api.w.org\/{rel}","templated":true}]}}